{"id":1168,"date":"2026-03-05T21:21:45","date_gmt":"2026-03-06T04:21:45","guid":{"rendered":"https:\/\/lineadeportiva.mx\/ld2026\/?p=1168"},"modified":"2026-03-05T21:21:45","modified_gmt":"2026-03-06T04:21:45","slug":"andre-jardine-confia-en-que-america-superara-el-mal-momento","status":"publish","type":"post","link":"http:\/\/lineadeportiva.mx\/ld2026\/2026\/03\/05\/andre-jardine-confia-en-que-america-superara-el-mal-momento\/","title":{"rendered":"Andr\u00e9 Jardine conf\u00eda en que Am\u00e9rica superar\u00e1 el mal momento"},"content":{"rendered":"\n<p>El t\u00e9cnico del Am\u00e9rica, <strong>Andr\u00e9 Jardine<\/strong>, reconoci\u00f3 que su equipo atraviesa un momento complicado luego de la derrota <strong>2-1 frente a FC Ju\u00e1rez<\/strong> en la jornada 9 del <strong>Clausura 2026<\/strong>, aunque se mostr\u00f3 convencido de que las \u00c1guilas lograr\u00e1n recuperar su nivel para pelear por el campeonato.<\/p>\n\n\n\n<p>En conferencia de prensa posterior al partido, el estratega brasile\u00f1o asegur\u00f3 que el objetivo del club sigue siendo <strong>clasificar entre los primeros ocho lugares de la tabla<\/strong> para competir en la Liguilla, confiando en que el equipo encontrar\u00e1 el funcionamiento necesario en las pr\u00f3ximas semanas.<\/p>\n\n\n\n<p>\u201cEl torneo pasado el City pas\u00f3 varios partidos sin ganar con todo lo que tiene. Nosotros estamos pasando por un momento dif\u00edcil, pero le vamos a dar la vuelta ayud\u00e1ndonos y apoy\u00e1ndonos. El objetivo es estar entre los primeros ocho y desde ah\u00ed pelear por cosas grandes\u201d, declar\u00f3 Jardine.<\/p>\n\n\n\n<h2 class=\"wp-block-heading\"><strong>Lesiones preocupan en el Am\u00e9rica<\/strong><\/h2>\n\n\n\n<p>M\u00e1s all\u00e1 del resultado, una de las principales preocupaciones para el cuerpo t\u00e9cnico son las <strong>lesiones dentro del plantel<\/strong>. El caso m\u00e1s delicado es el del delantero <strong>V\u00edctor D\u00e1vila<\/strong>, quien sufri\u00f3 una fuerte molestia en la rodilla que podr\u00eda representar un problema serio para el equipo.<\/p>\n\n\n\n<p>\u201cD\u00e1vila preocupa bastante, es de la rodilla y parece ser algo serio\u201d, explic\u00f3 el entrenador.<\/p>\n\n\n\n<p>Adem\u00e1s, otros futbolistas tambi\u00e9n presentaron molestias f\u00edsicas. <strong>Brian Rodr\u00edguez<\/strong> no inici\u00f3 el partido debido a una peque\u00f1a lesi\u00f3n, mientras que <strong>Isa\u00edas Violante<\/strong> tambi\u00e9n tuvo inconvenientes f\u00edsicos durante el encuentro.<\/p>\n\n\n\n<h2 class=\"wp-block-heading\"><strong>Falta de continuidad en el equipo<\/strong><\/h2>\n\n\n\n<p>Jardine reconoci\u00f3 que uno de los factores que han afectado el rendimiento del Am\u00e9rica ha sido la <strong>falta de continuidad en el once titular<\/strong>, derivada de las lesiones y de la carga de partidos.<\/p>\n\n\n\n<p>\u201cDesde el inicio del torneo no he podido contar con todos los jugadores. Las ausencias y los partidos seguidos dificultan encontrar el funcionamiento que buscamos\u201d, explic\u00f3.<\/p>\n\n\n\n<p>El t\u00e9cnico espera que el regreso de futbolistas clave como <strong>Alejandro Zendejas<\/strong> y <strong>Henry Mart\u00edn<\/strong> ayude al equipo a recuperar estabilidad y mejorar su desempe\u00f1o en las pr\u00f3ximas jornadas.<\/p>\n\n\n\n<h2 class=\"wp-block-heading\"><strong>Confianza en el liderazgo del plantel<\/strong><\/h2>\n\n\n\n<p>A pesar del momento adverso, el estratega destac\u00f3 la <strong>fortaleza del grupo<\/strong> y el liderazgo que han mostrado algunos jugadores dentro del campo.<\/p>\n\n\n\n<p>\u201cEste grupo ya demostr\u00f3 tener l\u00edderes importantes\u201d, afirm\u00f3 Jardine, mencionando a elementos como <strong>Rodrigo Dourado, Raphael Veiga y Ricardo Lainez<\/strong>, quienes han asumido responsabilidades dentro del equipo.<\/p>\n\n\n\n<p>El Am\u00e9rica buscar\u00e1 reaccionar en su pr\u00f3ximo compromiso cuando enfrente a <strong>Quer\u00e9taro<\/strong>, en un partido donde las \u00c1guilas intentar\u00e1n reencontrarse con la victoria y comenzar a revertir el complicado momento que viven en el torneo.<\/p>\n\n\n\n<p>\u201cEl problema no es solo este partido. Es el funcionamiento, la condici\u00f3n f\u00edsica, las ausencias y la carga de partidos que no te deja entrenar como quisieras\u201d, concluy\u00f3 el entrenador brasile\u00f1o.<\/p>\n","protected":false},"excerpt":{"rendered":"<p>El t\u00e9cnico del Am\u00e9rica, Andr\u00e9 Jardine, reconoci\u00f3 que su equipo atraviesa un momento complicado luego de la derrota 2-1 frente a FC Ju\u00e1rez en la jornada 9 del Clausura 2026, aunque se mostr\u00f3 convencido de que las \u00c1guilas lograr\u00e1n recuperar su nivel para pelear por el campeonato. En conferencia de prensa posterior al partido, el [&hellip;]<\/p>\n","protected":false},"author":1,"featured_media":1169,"comment_status":"open","ping_status":"closed","sticky":false,"template":"","format":"standard","meta":{"footnotes":""},"categories":[109],"tags":[162,126,87],"class_list":["post-1168","post","type-post","status-publish","format-standard","has-post-thumbnail","hentry","category-nacional","tag-america","tag-ligamx","tag-soccer"],"_links":{"self":[{"href":"http:\/\/lineadeportiva.mx\/ld2026\/wp-json\/wp\/v2\/posts\/1168","targetHints":{"allow":["GET"]}}],"collection":[{"href":"http:\/\/lineadeportiva.mx\/ld2026\/wp-json\/wp\/v2\/posts"}],"about":[{"href":"http:\/\/lineadeportiva.mx\/ld2026\/wp-json\/wp\/v2\/types\/post"}],"author":[{"embeddable":true,"href":"http:\/\/lineadeportiva.mx\/ld2026\/wp-json\/wp\/v2\/users\/1"}],"replies":[{"embeddable":true,"href":"http:\/\/lineadeportiva.mx\/ld2026\/wp-json\/wp\/v2\/comments?post=1168"}],"version-history":[{"count":1,"href":"http:\/\/lineadeportiva.mx\/ld2026\/wp-json\/wp\/v2\/posts\/1168\/revisions"}],"predecessor-version":[{"id":1170,"href":"http:\/\/lineadeportiva.mx\/ld2026\/wp-json\/wp\/v2\/posts\/1168\/revisions\/1170"}],"wp:featuredmedia":[{"embeddable":true,"href":"http:\/\/lineadeportiva.mx\/ld2026\/wp-json\/wp\/v2\/media\/1169"}],"wp:attachment":[{"href":"http:\/\/lineadeportiva.mx\/ld2026\/wp-json\/wp\/v2\/media?parent=1168"}],"wp:term":[{"taxonomy":"category","embeddable":true,"href":"http:\/\/lineadeportiva.mx\/ld2026\/wp-json\/wp\/v2\/categories?post=1168"},{"taxonomy":"post_tag","embeddable":true,"href":"http:\/\/lineadeportiva.mx\/ld2026\/wp-json\/wp\/v2\/tags?post=1168"}],"curies":[{"name":"wp","href":"https:\/\/api.w.org\/{rel}","templated":true}]}}