{"id":1187,"date":"2026-03-09T07:43:59","date_gmt":"2026-03-09T14:43:59","guid":{"rendered":"https:\/\/lineadeportiva.mx\/ld2026\/?p=1187"},"modified":"2026-03-09T07:43:59","modified_gmt":"2026-03-09T14:43:59","slug":"alexis-vega-vuelve-y-enciende-la-esperanza-rumbo-al-mundial-2026","status":"publish","type":"post","link":"http:\/\/lineadeportiva.mx\/ld2026\/2026\/03\/09\/alexis-vega-vuelve-y-enciende-la-esperanza-rumbo-al-mundial-2026\/","title":{"rendered":"Alexis Vega vuelve y enciende la esperanza rumbo al Mundial 2026"},"content":{"rendered":"\n<p>A poco m\u00e1s de 90 d\u00edas para que ruede el bal\u00f3n en la Copa del Mundo de 2026, la Selecci\u00f3n Mexicana recibi\u00f3 una noticia que renueva el \u00e1nimo y fortalece la ilusi\u00f3n: <strong>Alexis Vega est\u00e1 de regreso<\/strong>. El delantero del Toluca volvi\u00f3 a la actividad luego de superar una intervenci\u00f3n en la rodilla, enviando una se\u00f1al alentadora en un momento clave para el Tricolor.<\/p>\n\n\n\n<p>Despu\u00e9s de tres meses fuera de las canchas por una limpieza articular, Vega logr\u00f3 cumplir con los tiempos de recuperaci\u00f3n y ya se perfila para retomar ritmo competitivo en la recta final del Clausura 2026. Su vuelta representa un respiro para Javier Aguirre, quien sigue de cerca la evoluci\u00f3n f\u00edsica de varias piezas importantes en la ruta mundialista.<\/p>\n\n\n\n<p>La reaparici\u00f3n del atacante escarlata no solo devuelve una alternativa ofensiva de peso, tambi\u00e9n revive la expectativa de contar con un futbolista capaz de marcar diferencia en el escenario m\u00e1s grande del planeta. En un proceso donde las lesiones han golpeado con fuerza, ver nuevamente a Alexis en movimiento es una noticia que entusiasma y alimenta la esperanza de la afici\u00f3n mexicana.<\/p>\n\n\n\n<p>Sin embargo, el panorama todav\u00eda no est\u00e1 completamente despejado para el Tricolor. En la enfermer\u00eda contin\u00faan nombres fundamentales que siguen peleando contra el reloj para llegar en plenitud a la gran cita.<\/p>\n\n\n\n<p><strong>Edson \u00c1lvarez<\/strong>, uno de los l\u00edderes del mediocampo mexicano, avanza en su recuperaci\u00f3n tras una cirug\u00eda de tobillo. El jugador del Fenerbahce ya inici\u00f3 rehabilitaci\u00f3n, aunque todav\u00eda no hay una fecha definida para su regreso.<\/p>\n\n\n\n<p><strong>Santiago Gimenez<\/strong>, referente en ataque, tambi\u00e9n trabaja para dejar atr\u00e1s una intervenci\u00f3n quir\u00fargica. Aunque ya se reintegr\u00f3 a las labores grupales con el AC Milan, su vuelta a la competencia oficial a\u00fan deber\u00e1 esperar para evitar cualquier riesgo.<\/p>\n\n\n\n<p>En el caso de <strong>Luis Ch\u00e1vez<\/strong>, la batalla ha sido a\u00fan m\u00e1s larga. El mediocampista del Dynamo de Mosc\u00fa sigue fuera desde la rotura del ligamento cruzado anterior de la rodilla derecha sufrida a finales de junio. La expectativa se mantiene viva, pero su retorno a\u00fan no tiene una fecha confirmada.<\/p>\n\n\n\n<p><strong>Rodrigo Huescas<\/strong> tambi\u00e9n contin\u00faa con su recuperaci\u00f3n luego de una lesi\u00f3n de ligamentos cruzados en la rodilla derecha, mientras que <strong>Gilberto Mora<\/strong>, una de las j\u00f3venes promesas que ilusionan al futbol mexicano, sigue en rehabilitaci\u00f3n por una pubalgia que lo ha mantenido alejado desde enero.<\/p>\n\n\n\n<p>A esta lista tambi\u00e9n se suman <strong>C\u00e9sar Huerta<\/strong>, quien contin\u00faa en proceso de recuperaci\u00f3n, manteniendo al cuerpo t\u00e9cnico atento a cada avance m\u00e9dico de cara al Mundial.<\/p>\n\n\n\n<p>El reloj sigue corriendo, pero el regreso de Alexis Vega deja claro que no todo son malas noticias en el campamento nacional. M\u00e9xico comienza a recuperar soldados en el momento m\u00e1s importante, y con el Mundial cada vez m\u00e1s cerca, la esperanza de ver a un Tricolor fuerte, competitivo y completo vuelve a crecer con fuerza.<\/p>\n\n\n\n<p>La cuenta regresiva ya comenz\u00f3, y cada alta m\u00e9dica puede convertirse en una victoria anticipada para una selecci\u00f3n que sue\u00f1a con llegar encendida a su Copa del Mundo.<\/p>\n","protected":false},"excerpt":{"rendered":"<p>A poco m\u00e1s de 90 d\u00edas para que ruede el bal\u00f3n en la Copa del Mundo de 2026, la Selecci\u00f3n Mexicana recibi\u00f3 una noticia que renueva el \u00e1nimo y fortalece la ilusi\u00f3n: Alexis Vega est\u00e1 de regreso. El delantero del Toluca volvi\u00f3 a la actividad luego de superar una intervenci\u00f3n en la rodilla, enviando una [&hellip;]<\/p>\n","protected":false},"author":1,"featured_media":1188,"comment_status":"open","ping_status":"closed","sticky":false,"template":"","format":"standard","meta":{"footnotes":""},"categories":[109],"tags":[246,127,169,87],"class_list":["post-1187","post","type-post","status-publish","format-standard","has-post-thumbnail","hentry","category-nacional","tag-copa-mundial","tag-principal","tag-seleccion","tag-soccer"],"_links":{"self":[{"href":"http:\/\/lineadeportiva.mx\/ld2026\/wp-json\/wp\/v2\/posts\/1187","targetHints":{"allow":["GET"]}}],"collection":[{"href":"http:\/\/lineadeportiva.mx\/ld2026\/wp-json\/wp\/v2\/posts"}],"about":[{"href":"http:\/\/lineadeportiva.mx\/ld2026\/wp-json\/wp\/v2\/types\/post"}],"author":[{"embeddable":true,"href":"http:\/\/lineadeportiva.mx\/ld2026\/wp-json\/wp\/v2\/users\/1"}],"replies":[{"embeddable":true,"href":"http:\/\/lineadeportiva.mx\/ld2026\/wp-json\/wp\/v2\/comments?post=1187"}],"version-history":[{"count":1,"href":"http:\/\/lineadeportiva.mx\/ld2026\/wp-json\/wp\/v2\/posts\/1187\/revisions"}],"predecessor-version":[{"id":1189,"href":"http:\/\/lineadeportiva.mx\/ld2026\/wp-json\/wp\/v2\/posts\/1187\/revisions\/1189"}],"wp:featuredmedia":[{"embeddable":true,"href":"http:\/\/lineadeportiva.mx\/ld2026\/wp-json\/wp\/v2\/media\/1188"}],"wp:attachment":[{"href":"http:\/\/lineadeportiva.mx\/ld2026\/wp-json\/wp\/v2\/media?parent=1187"}],"wp:term":[{"taxonomy":"category","embeddable":true,"href":"http:\/\/lineadeportiva.mx\/ld2026\/wp-json\/wp\/v2\/categories?post=1187"},{"taxonomy":"post_tag","embeddable":true,"href":"http:\/\/lineadeportiva.mx\/ld2026\/wp-json\/wp\/v2\/tags?post=1187"}],"curies":[{"name":"wp","href":"https:\/\/api.w.org\/{rel}","templated":true}]}}