{"id":1231,"date":"2026-03-09T19:58:04","date_gmt":"2026-03-10T02:58:04","guid":{"rendered":"https:\/\/lineadeportiva.mx\/ld2026\/?p=1231"},"modified":"2026-03-09T19:58:05","modified_gmt":"2026-03-10T02:58:05","slug":"abreu-pide-paciencia-con-gilberto-mora-y-prioriza-su-recuperacion","status":"publish","type":"post","link":"http:\/\/lineadeportiva.mx\/ld2026\/2026\/03\/09\/abreu-pide-paciencia-con-gilberto-mora-y-prioriza-su-recuperacion\/","title":{"rendered":"Abreu pide paciencia con Gilberto Mora y prioriza su recuperaci\u00f3n"},"content":{"rendered":"\n<p>El t\u00e9cnico de <strong>Xolos de Tijuana<\/strong>, <strong>Sebasti\u00e1n \u201cLoco\u201d Abreu<\/strong>, pidi\u00f3 calma respecto a la situaci\u00f3n del joven mediocampista <strong>Gilberto Mora<\/strong>, quien actualmente atraviesa un proceso de recuperaci\u00f3n por <strong>pubalgia<\/strong>. El estratega uruguayo dej\u00f3 claro que la prioridad del club es la salud del futbolista antes de pensar en su regreso a las canchas.<\/p>\n\n\n\n<p>Tras la derrota de Tijuana ante <strong>Santos Laguna<\/strong> en el cierre de la jornada 10 del <strong>Clausura 2026<\/strong>, Abreu explic\u00f3 que el objetivo principal es que Mora se recupere plenamente tanto en lo f\u00edsico como en lo mental.<\/p>\n\n\n\n<p>\u201cLa prioridad es primero su salud: su salud mental y su salud f\u00edsica, que se recupere y que pueda llegar al torneo m\u00e1s importante que puede tener un futbolista, y sobre todo siendo en casa, que es la Copa del Mundo\u201d, se\u00f1al\u00f3 el t\u00e9cnico en conferencia de prensa.<\/p>\n\n\n\n<h2 class=\"wp-block-heading\"><strong>Recuperaci\u00f3n sin presi\u00f3n<\/strong><\/h2>\n\n\n\n<p>El entrenador subray\u00f3 que <strong>no existe presi\u00f3n para acelerar el regreso del jugador<\/strong>, ya que el proceso de rehabilitaci\u00f3n se est\u00e1 llevando con paciencia para evitar reca\u00eddas.<\/p>\n\n\n\n<p>\u201cPresi\u00f3n hubiera sido exigirle que tiene que jugar s\u00ed o s\u00ed para poder estar. Aqu\u00ed coincidimos en que lo primero es que est\u00e9 en condiciones f\u00edsicas\u201d, explic\u00f3 Abreu.<\/p>\n\n\n\n<p>El t\u00e9cnico tambi\u00e9n destac\u00f3 que el mediocampista ha mostrado <strong>avances positivos en su recuperaci\u00f3n<\/strong> y que poco a poco ha ido evolucionando en los entrenamientos.<\/p>\n\n\n\n<p>\u201cVa bien en su etapa y se va sintiendo mejor, ya va evolucionando en sus entrenamientos. Pero cuanto menos se hable de \u00e9l, mejor, porque est\u00e1 en una etapa diferente y nadie lo va a empujar para que se apure\u201d, coment\u00f3.<\/p>\n\n\n\n<h2 class=\"wp-block-heading\"><strong>Un talento que el equipo extra\u00f1a<\/strong><\/h2>\n\n\n\n<p>Abreu record\u00f3 que Mora ya ha demostrado su talento dentro del campo, por lo que ahora lo m\u00e1s importante es que vuelva en condiciones \u00f3ptimas.<\/p>\n\n\n\n<p>\u201c\u00c9l ya mostr\u00f3 su potencial, su f\u00fatbol y su jerarqu\u00eda. Lo que necesitamos ahora es que su salud f\u00edsica y mental est\u00e9n al cien; despu\u00e9s, con los pies, \u00e9l va a resolver\u201d, afirm\u00f3.<\/p>\n\n\n\n<h2 class=\"wp-block-heading\"><strong>No es excusa para los resultados<\/strong><\/h2>\n\n\n\n<p>El estratega tambi\u00e9n aclar\u00f3 que la ausencia del mediocampista no debe ser utilizada como excusa para explicar los resultados del equipo.<\/p>\n\n\n\n<p>Abreu record\u00f3 que durante el torneo anterior <strong>Xolos logr\u00f3 buenos resultados incluso cuando Mora no estuvo disponible<\/strong>, aunque reconoci\u00f3 que la ausencia de un futbolista de su calidad siempre se siente.<\/p>\n\n\n\n<p>\u201cAl buen jugador se le extra\u00f1a ganando, empatando o perdiendo. A los jugadores clase A se les extra\u00f1a siempre porque hacen que el equipo juegue diferente\u201d, concluy\u00f3 el t\u00e9cnico uruguayo.<\/p>\n","protected":false},"excerpt":{"rendered":"<p>El t\u00e9cnico de Xolos de Tijuana, Sebasti\u00e1n \u201cLoco\u201d Abreu, pidi\u00f3 calma respecto a la situaci\u00f3n del joven mediocampista Gilberto Mora, quien actualmente atraviesa un proceso de recuperaci\u00f3n por pubalgia. El estratega uruguayo dej\u00f3 claro que la prioridad del club es la salud del futbolista antes de pensar en su regreso a las canchas. Tras la [&hellip;]<\/p>\n","protected":false},"author":1,"featured_media":1232,"comment_status":"open","ping_status":"closed","sticky":false,"template":"","format":"standard","meta":{"footnotes":""},"categories":[109],"tags":[126,87],"class_list":["post-1231","post","type-post","status-publish","format-standard","has-post-thumbnail","hentry","category-nacional","tag-ligamx","tag-soccer"],"_links":{"self":[{"href":"http:\/\/lineadeportiva.mx\/ld2026\/wp-json\/wp\/v2\/posts\/1231","targetHints":{"allow":["GET"]}}],"collection":[{"href":"http:\/\/lineadeportiva.mx\/ld2026\/wp-json\/wp\/v2\/posts"}],"about":[{"href":"http:\/\/lineadeportiva.mx\/ld2026\/wp-json\/wp\/v2\/types\/post"}],"author":[{"embeddable":true,"href":"http:\/\/lineadeportiva.mx\/ld2026\/wp-json\/wp\/v2\/users\/1"}],"replies":[{"embeddable":true,"href":"http:\/\/lineadeportiva.mx\/ld2026\/wp-json\/wp\/v2\/comments?post=1231"}],"version-history":[{"count":1,"href":"http:\/\/lineadeportiva.mx\/ld2026\/wp-json\/wp\/v2\/posts\/1231\/revisions"}],"predecessor-version":[{"id":1233,"href":"http:\/\/lineadeportiva.mx\/ld2026\/wp-json\/wp\/v2\/posts\/1231\/revisions\/1233"}],"wp:featuredmedia":[{"embeddable":true,"href":"http:\/\/lineadeportiva.mx\/ld2026\/wp-json\/wp\/v2\/media\/1232"}],"wp:attachment":[{"href":"http:\/\/lineadeportiva.mx\/ld2026\/wp-json\/wp\/v2\/media?parent=1231"}],"wp:term":[{"taxonomy":"category","embeddable":true,"href":"http:\/\/lineadeportiva.mx\/ld2026\/wp-json\/wp\/v2\/categories?post=1231"},{"taxonomy":"post_tag","embeddable":true,"href":"http:\/\/lineadeportiva.mx\/ld2026\/wp-json\/wp\/v2\/tags?post=1231"}],"curies":[{"name":"wp","href":"https:\/\/api.w.org\/{rel}","templated":true}]}}