{"id":1261,"date":"2026-03-11T20:20:08","date_gmt":"2026-03-12T03:20:08","guid":{"rendered":"https:\/\/lineadeportiva.mx\/ld2026\/?p=1261"},"modified":"2026-03-11T20:20:08","modified_gmt":"2026-03-12T03:20:08","slug":"oribe-peralta-respalda-a-malagon-tras-su-lesion","status":"publish","type":"post","link":"http:\/\/lineadeportiva.mx\/ld2026\/2026\/03\/11\/oribe-peralta-respalda-a-malagon-tras-su-lesion\/","title":{"rendered":"Oribe Peralta respalda a Malag\u00f3n tras su lesi\u00f3n"},"content":{"rendered":"\n<p>La lesi\u00f3n del arquero <strong>Luis \u00c1ngel Malag\u00f3n<\/strong> rumbo al <strong>Mundial de 2026<\/strong> ha encendido las alarmas dentro del entorno del f\u00fatbol mexicano, situaci\u00f3n que fue abordada por el exdelantero de la selecci\u00f3n nacional <strong>Oribe Peralta<\/strong>, quien envi\u00f3 un mensaje de apoyo al guardameta en un momento crucial de su carrera.<\/p>\n\n\n\n<p>El exportero de <strong>Am\u00e9rica<\/strong> apuntaba a ser una de las piezas importantes del combinado nacional de cara a la pr\u00f3xima Copa del Mundo, por lo que su situaci\u00f3n representa un golpe tanto en lo personal como en lo deportivo.<\/p>\n\n\n\n<p>Peralta lament\u00f3 lo ocurrido y se\u00f1al\u00f3 que las lesiones forman parte del f\u00fatbol, aunque reconoci\u00f3 que el impacto es mayor cuando suceden en un momento tan cercano a una justa mundialista.<\/p>\n\n\n\n<p>\u201cEl f\u00fatbol tiene estas situaciones y todos los jugadores est\u00e1n expuestos, pero duele m\u00e1s cuando est\u00e1s tan cerca de un Mundial. Ojal\u00e1 pueda recuperarse pronto y seguir construyendo su carrera\u201d, coment\u00f3 el campe\u00f3n ol\u00edmpico de <strong>Londres 2012<\/strong>.<\/p>\n\n\n\n<h2 class=\"wp-block-heading\"><strong>El sue\u00f1o mundialista<\/strong><\/h2>\n\n\n\n<p>El hist\u00f3rico delantero mexicano tambi\u00e9n habl\u00f3 del lado emocional que representa perderse una Copa del Mundo, recordando que para cualquier futbolista vestir la camiseta nacional en un Mundial es un sue\u00f1o que se persigue desde la infancia.<\/p>\n\n\n\n<p>Seg\u00fan explic\u00f3, ponerse en el lugar del arquero permite dimensionar lo dif\u00edcil del momento, por lo que considera fundamental que el entorno del f\u00fatbol mexicano respalde al jugador.<\/p>\n\n\n\n<h2 class=\"wp-block-heading\"><strong>Confianza en el Tricolor<\/strong><\/h2>\n\n\n\n<p>De cara al <strong>Mundial 2026<\/strong>, Peralta se mostr\u00f3 optimista sobre el desempe\u00f1o de la selecci\u00f3n mexicana, aunque advirti\u00f3 que el \u00e9xito depender\u00e1 principalmente del funcionamiento colectivo.<\/p>\n\n\n\n<p>El exatacante considera que M\u00e9xico puede aspirar a tener una participaci\u00f3n destacada en el torneo.<\/p>\n\n\n\n<p>\u201cCreo que M\u00e9xico puede competir y aspirar a llegar a cuartos de final, incluso a semifinales si se hacen bien las cosas\u201d, se\u00f1al\u00f3.<\/p>\n\n\n\n<h2 class=\"wp-block-heading\"><strong>Competencia en la delantera<\/strong><\/h2>\n\n\n\n<p>Peralta tambi\u00e9n destac\u00f3 el buen momento que atraviesan varios atacantes mexicanos, se\u00f1alando que existe una competencia sana por un lugar en el ataque del Tricolor.<\/p>\n\n\n\n<p>Entre los nombres que mencion\u00f3 se encuentran <strong>Ra\u00fal Jim\u00e9nez<\/strong>, <strong>Santiago Gim\u00e9nez<\/strong> y <strong>C\u00e9sar Huerta<\/strong>, futbolistas que actualmente atraviesan un buen nivel.<\/p>\n\n\n\n<p>\u201cEl hecho de que haya competencia siempre beneficia a la selecci\u00f3n porque obliga a todos a mantenerse en su mejor nivel\u201d, explic\u00f3.<\/p>\n\n\n\n<h2 class=\"wp-block-heading\"><strong>Debate en la porter\u00eda<\/strong><\/h2>\n\n\n\n<p>Ante la posible ausencia de Malag\u00f3n, el exdelantero tambi\u00e9n habl\u00f3 sobre las alternativas que tiene M\u00e9xico bajo los tres palos.<\/p>\n\n\n\n<p>Peralta destac\u00f3 el crecimiento del arquero <strong>Ra\u00fal Rangel<\/strong>, a quien considera un guardameta con gran proyecci\u00f3n, adem\u00e1s de mencionar a <strong>Carlos Acevedo<\/strong> como una opci\u00f3n interesante pese a las dificultades que atraviesa su equipo.<\/p>\n\n\n\n<p>En cuanto a <strong>Guillermo Ochoa<\/strong>, el exgoleador se\u00f1al\u00f3 que su experiencia podr\u00eda ser valiosa dentro del grupo, aunque no necesariamente como titular.<\/p>\n\n\n\n<p>La situaci\u00f3n abre nuevamente el debate sobre qui\u00e9n ser\u00e1 el encargado de defender la porter\u00eda mexicana en el <strong>Mundial de 2026<\/strong>, un tema que seguramente seguir\u00e1 generando conversaci\u00f3n en los pr\u00f3ximos meses.<\/p>\n","protected":false},"excerpt":{"rendered":"<p>La lesi\u00f3n del arquero Luis \u00c1ngel Malag\u00f3n rumbo al Mundial de 2026 ha encendido las alarmas dentro del entorno del f\u00fatbol mexicano, situaci\u00f3n que fue abordada por el exdelantero de la selecci\u00f3n nacional Oribe Peralta, quien envi\u00f3 un mensaje de apoyo al guardameta en un momento crucial de su carrera. El exportero de Am\u00e9rica apuntaba [&hellip;]<\/p>\n","protected":false},"author":1,"featured_media":1262,"comment_status":"open","ping_status":"closed","sticky":false,"template":"","format":"standard","meta":{"footnotes":""},"categories":[109],"tags":[246,169,87],"class_list":["post-1261","post","type-post","status-publish","format-standard","has-post-thumbnail","hentry","category-nacional","tag-copa-mundial","tag-seleccion","tag-soccer"],"_links":{"self":[{"href":"http:\/\/lineadeportiva.mx\/ld2026\/wp-json\/wp\/v2\/posts\/1261","targetHints":{"allow":["GET"]}}],"collection":[{"href":"http:\/\/lineadeportiva.mx\/ld2026\/wp-json\/wp\/v2\/posts"}],"about":[{"href":"http:\/\/lineadeportiva.mx\/ld2026\/wp-json\/wp\/v2\/types\/post"}],"author":[{"embeddable":true,"href":"http:\/\/lineadeportiva.mx\/ld2026\/wp-json\/wp\/v2\/users\/1"}],"replies":[{"embeddable":true,"href":"http:\/\/lineadeportiva.mx\/ld2026\/wp-json\/wp\/v2\/comments?post=1261"}],"version-history":[{"count":1,"href":"http:\/\/lineadeportiva.mx\/ld2026\/wp-json\/wp\/v2\/posts\/1261\/revisions"}],"predecessor-version":[{"id":1263,"href":"http:\/\/lineadeportiva.mx\/ld2026\/wp-json\/wp\/v2\/posts\/1261\/revisions\/1263"}],"wp:featuredmedia":[{"embeddable":true,"href":"http:\/\/lineadeportiva.mx\/ld2026\/wp-json\/wp\/v2\/media\/1262"}],"wp:attachment":[{"href":"http:\/\/lineadeportiva.mx\/ld2026\/wp-json\/wp\/v2\/media?parent=1261"}],"wp:term":[{"taxonomy":"category","embeddable":true,"href":"http:\/\/lineadeportiva.mx\/ld2026\/wp-json\/wp\/v2\/categories?post=1261"},{"taxonomy":"post_tag","embeddable":true,"href":"http:\/\/lineadeportiva.mx\/ld2026\/wp-json\/wp\/v2\/tags?post=1261"}],"curies":[{"name":"wp","href":"https:\/\/api.w.org\/{rel}","templated":true}]}}