{"id":1264,"date":"2026-03-11T20:24:28","date_gmt":"2026-03-12T03:24:28","guid":{"rendered":"https:\/\/lineadeportiva.mx\/ld2026\/?p=1264"},"modified":"2026-03-11T20:24:29","modified_gmt":"2026-03-12T03:24:29","slug":"andres-gudino-vive-su-mejor-momento-y-levanta-la-mano-para-la-seleccion-mexicana","status":"publish","type":"post","link":"http:\/\/lineadeportiva.mx\/ld2026\/2026\/03\/11\/andres-gudino-vive-su-mejor-momento-y-levanta-la-mano-para-la-seleccion-mexicana\/","title":{"rendered":"Andr\u00e9s Gudi\u00f1o vive su mejor momento y levanta la mano para la Selecci\u00f3n Mexicana"},"content":{"rendered":"\n<p>El f\u00fatbol suele cambiar el destino de los jugadores en cuesti\u00f3n de momentos. Cuando algunos parecen consolidarse en la cima, otros aprovechan las oportunidades que aparecen casi de manera inesperada. Ese ha sido el caso del portero <strong>Andr\u00e9s Gudi\u00f1o<\/strong>, quien hoy atraviesa uno de los mejores momentos de su carrera.<\/p>\n\n\n\n<p>El guardameta no figuraba como protagonista debido a la presencia del colombiano <strong>Kevin Mier<\/strong>, titular indiscutible en la porter\u00eda. Sin embargo, una lesi\u00f3n del arquero sudamericano en noviembre del a\u00f1o pasado abri\u00f3 la puerta para que Gudi\u00f1o tomara protagonismo.<\/p>\n\n\n\n<p>Desde entonces, el portero ha disputado <strong>16 partidos<\/strong>, la mayor\u00eda con actuaciones s\u00f3lidas que lo han colocado en el radar del f\u00fatbol mexicano.<\/p>\n\n\n\n<h2 class=\"wp-block-heading\"><strong>Un momento clave en su carrera<\/strong><\/h2>\n\n\n\n<p>El crecimiento de Gudi\u00f1o tambi\u00e9n ha coincidido con algunos movimientos en la porter\u00eda de la selecci\u00f3n mexicana. La baja de nivel de <strong>Luis \u00c1ngel Malag\u00f3n<\/strong>, sumada a su posterior lesi\u00f3n, adem\u00e1s de los errores recientes de <strong>Ra\u00fal \u201cTala\u201d Rangel<\/strong>, han reabierto el debate sobre qui\u00e9n debe defender el arco del Tricolor.<\/p>\n\n\n\n<p>El propio arquero reconoce que vive un momento muy distinto al de a\u00f1os anteriores.<\/p>\n\n\n\n<p>\u201cEstoy en el mejor momento de mi carrera. Hace tres o cuatro a\u00f1os tuve la oportunidad de jugar un torneo completo y cuando comparo a ese jugador con el de ahora, soy una persona completamente distinta\u201d, se\u00f1al\u00f3 Gudi\u00f1o.<\/p>\n\n\n\n<h2 class=\"wp-block-heading\"><strong>Aprendizaje junto a Kevin Mier<\/strong><\/h2>\n\n\n\n<p>Lejos de ver a Mier \u00fanicamente como competencia, Gudi\u00f1o ha destacado lo mucho que aprendi\u00f3 del arquero colombiano, especialmente en aspectos modernos del juego.<\/p>\n\n\n\n<p>El guardameta asegura que ha incorporado nuevas herramientas a su estilo, como el juego con los pies y una mayor participaci\u00f3n fuera del \u00e1rea.<\/p>\n\n\n\n<p>\u201cHe aprendido a gestionar mejor los partidos, medir los tiempos del juego y entender m\u00e1s el aspecto mental y psicol\u00f3gico. Eso me ha ayudado a estar en mi mejor momento\u201d, explic\u00f3.<\/p>\n\n\n\n<h2 class=\"wp-block-heading\"><strong>Voces que lo piden en el Tri<\/strong><\/h2>\n\n\n\n<p>El buen momento del portero ha provocado que algunas voces comiencen a mencionarlo como una opci\u00f3n para la <strong>Selecci\u00f3n Mexicana<\/strong> rumbo al <strong>Mundial de 2026<\/strong>.<\/p>\n\n\n\n<p>Uno de los que ha destacado su nivel es <strong>Joel Huiqui<\/strong>, actual entrenador de la Sub-21 y quien conoce bien el desempe\u00f1o del arquero.<\/p>\n\n\n\n<p>\u201cNo s\u00f3lo ha tenido buen torneo ahora, tambi\u00e9n cuando ha entrado de cambio cuando estaban Jes\u00fas Corona o Kevin Mier. Gudi\u00f1o ha marcado diferencia y le ha dado solidez al equipo, por lo que puede estar con la Selecci\u00f3n Mexicana\u201d, afirm\u00f3.<\/p>\n\n\n\n<h2 class=\"wp-block-heading\"><strong>Influencia del \u201cConejo\u201d P\u00e9rez<\/strong><\/h2>\n\n\n\n<p>En su crecimiento como portero tambi\u00e9n ha sido clave la influencia de <strong>\u00d3scar \u201cConejo\u201d P\u00e9rez<\/strong>, quien fue su entrenador de porteros y posteriormente directivo.<\/p>\n\n\n\n<p>Gudi\u00f1o reconoce que fue una figura importante en su desarrollo.<\/p>\n\n\n\n<p>\u201cSiempre lo recuerdo sonriendo al trabajo, nunca con mala cara. Es una de las personas de las que m\u00e1s he aprendido en el f\u00fatbol\u201d, se\u00f1al\u00f3.<\/p>\n\n\n\n<p>Con actuaciones consistentes y un momento deportivo en ascenso, <strong>Andr\u00e9s Gudi\u00f1o comienza a levantar la mano como una alternativa seria para la porter\u00eda mexicana<\/strong>, justo cuando el debate por el arco del Tricolor vuelve a tomar fuerza rumbo a la pr\u00f3xima Copa del Mundo.<\/p>\n","protected":false},"excerpt":{"rendered":"<p>El f\u00fatbol suele cambiar el destino de los jugadores en cuesti\u00f3n de momentos. Cuando algunos parecen consolidarse en la cima, otros aprovechan las oportunidades que aparecen casi de manera inesperada. Ese ha sido el caso del portero Andr\u00e9s Gudi\u00f1o, quien hoy atraviesa uno de los mejores momentos de su carrera. El guardameta no figuraba como [&hellip;]<\/p>\n","protected":false},"author":1,"featured_media":1265,"comment_status":"open","ping_status":"closed","sticky":false,"template":"","format":"standard","meta":{"footnotes":""},"categories":[109],"tags":[246,169,87],"class_list":["post-1264","post","type-post","status-publish","format-standard","has-post-thumbnail","hentry","category-nacional","tag-copa-mundial","tag-seleccion","tag-soccer"],"_links":{"self":[{"href":"http:\/\/lineadeportiva.mx\/ld2026\/wp-json\/wp\/v2\/posts\/1264","targetHints":{"allow":["GET"]}}],"collection":[{"href":"http:\/\/lineadeportiva.mx\/ld2026\/wp-json\/wp\/v2\/posts"}],"about":[{"href":"http:\/\/lineadeportiva.mx\/ld2026\/wp-json\/wp\/v2\/types\/post"}],"author":[{"embeddable":true,"href":"http:\/\/lineadeportiva.mx\/ld2026\/wp-json\/wp\/v2\/users\/1"}],"replies":[{"embeddable":true,"href":"http:\/\/lineadeportiva.mx\/ld2026\/wp-json\/wp\/v2\/comments?post=1264"}],"version-history":[{"count":1,"href":"http:\/\/lineadeportiva.mx\/ld2026\/wp-json\/wp\/v2\/posts\/1264\/revisions"}],"predecessor-version":[{"id":1266,"href":"http:\/\/lineadeportiva.mx\/ld2026\/wp-json\/wp\/v2\/posts\/1264\/revisions\/1266"}],"wp:featuredmedia":[{"embeddable":true,"href":"http:\/\/lineadeportiva.mx\/ld2026\/wp-json\/wp\/v2\/media\/1265"}],"wp:attachment":[{"href":"http:\/\/lineadeportiva.mx\/ld2026\/wp-json\/wp\/v2\/media?parent=1264"}],"wp:term":[{"taxonomy":"category","embeddable":true,"href":"http:\/\/lineadeportiva.mx\/ld2026\/wp-json\/wp\/v2\/categories?post=1264"},{"taxonomy":"post_tag","embeddable":true,"href":"http:\/\/lineadeportiva.mx\/ld2026\/wp-json\/wp\/v2\/tags?post=1264"}],"curies":[{"name":"wp","href":"https:\/\/api.w.org\/{rel}","templated":true}]}}