{"id":1303,"date":"2026-03-16T09:50:09","date_gmt":"2026-03-16T16:50:09","guid":{"rendered":"https:\/\/lineadeportiva.mx\/ld2026\/?p=1303"},"modified":"2026-03-16T09:50:11","modified_gmt":"2026-03-16T16:50:11","slug":"guardiola-mantiene-la-calma-ante-el-reto-del-manchester-city-frente-al-real-madrid","status":"publish","type":"post","link":"http:\/\/lineadeportiva.mx\/ld2026\/2026\/03\/16\/guardiola-mantiene-la-calma-ante-el-reto-del-manchester-city-frente-al-real-madrid\/","title":{"rendered":"Guardiola mantiene la calma ante el reto del Manchester City frente al Real Madrid"},"content":{"rendered":"\n<p>El <strong>Manchester City<\/strong> se prepara para uno de los retos m\u00e1s complicados de su historia reciente en la <strong>UEFA Champions League<\/strong>, luego de caer <strong>3-0 ante el Real Madrid<\/strong> en el partido de ida de los octavos de final disputado en el <strong>Santiago Bernab\u00e9u<\/strong>. Con un <strong>hat-trick de Federico Valverde<\/strong>, el conjunto ingl\u00e9s qued\u00f3 contra las cuerdas y ahora buscar\u00e1 una remontada hist\u00f3rica en el <strong>Etihad Stadium<\/strong>.<\/p>\n\n\n\n<p>A pesar del duro resultado, el t\u00e9cnico <strong>Pep Guardiola<\/strong> se mostr\u00f3 sereno en la conferencia de prensa previa al encuentro de vuelta y rechaz\u00f3 que una posible eliminaci\u00f3n pueda considerarse un fracaso.<\/p>\n\n\n\n<p>\u201cEn el deporte se puede hacer mal, que el otro sea mejor y aceptarlo para mejorar. Volver a intentarlo el a\u00f1o que viene. No hay un equipo en el mundo que haya ganado siempre. Mientras lo intentemos con trabajo, dedicaci\u00f3n y amor por lo que hacemos, eso es lo importante\u201d, se\u00f1al\u00f3 el entrenador catal\u00e1n.<\/p>\n\n\n\n<h2 class=\"wp-block-heading\"><strong>\u201cHay cosas m\u00e1s graves que quedar eliminado\u201d<\/strong><\/h2>\n\n\n\n<p>Guardiola tambi\u00e9n se refiri\u00f3 a la presi\u00f3n medi\u00e1tica que rodea a las derrotas en el f\u00fatbol de alto nivel y record\u00f3 que incluso los grandes atletas de la historia han tenido que convivir con fracasos deportivos.<\/p>\n\n\n\n<p>\u201cLo importante es lo que nosotros pensamos y no lo que ustedes digan. Te levantas al d\u00eda siguiente, dices \u2018qu\u00e9 pena\u2019, pero hay que seguir. El sol vuelve a salir y hay bastantes m\u00e1s desgracias en el mundo que caer eliminado\u201d, expres\u00f3.<\/p>\n\n\n\n<p>El t\u00e9cnico del City reconoci\u00f3 adem\u00e1s el gran nivel mostrado por el conjunto merengue en el primer partido y destac\u00f3 que aceptar la superioridad del rival tambi\u00e9n forma parte de la competencia.<\/p>\n\n\n\n<p>\u201cEl Madrid estuvo brillante en muchas cosas. Han ganado 15 Champions, pero tambi\u00e9n han perdido muchas m\u00e1s de las que han ganado. Lo importante es intentarlo\u201d, agreg\u00f3.<\/p>\n\n\n\n<h2 class=\"wp-block-heading\"><strong>La misi\u00f3n: remontar en casa<\/strong><\/h2>\n\n\n\n<p>El Manchester City buscar\u00e1 ahora una remontada \u00e9pica en el <strong>Etihad Stadium<\/strong>, donde intentar\u00e1 revertir la desventaja de tres goles frente al equipo dirigido por <strong>\u00c1lvaro Arbeloa<\/strong>.<\/p>\n\n\n\n<p>De cara al partido decisivo, Guardiola explic\u00f3 que decidi\u00f3 darle descanso a sus futbolistas tras el empate ante <strong>West Ham<\/strong> en la <strong>Premier League<\/strong>, priorizando la recuperaci\u00f3n f\u00edsica sobre aumentar las cargas de entrenamiento.<\/p>\n\n\n\n<p>\u201cEntrenar m\u00e1s no nos iba a hacer mejores. Prefer\u00ed que los jugadores descansaran y llegaran frescos al partido\u201d, concluy\u00f3 el t\u00e9cnico.<\/p>\n\n\n\n<p>El duelo de vuelta definir\u00e1 cu\u00e1l de los dos gigantes europeos avanza a los <strong>cuartos de final de la Champions League<\/strong>, en una eliminatoria que todav\u00eda promete emociones fuertes.<\/p>\n","protected":false},"excerpt":{"rendered":"<p>El Manchester City se prepara para uno de los retos m\u00e1s complicados de su historia reciente en la UEFA Champions League, luego de caer 3-0 ante el Real Madrid en el partido de ida de los octavos de final disputado en el Santiago Bernab\u00e9u. Con un hat-trick de Federico Valverde, el conjunto ingl\u00e9s qued\u00f3 contra [&hellip;]<\/p>\n","protected":false},"author":1,"featured_media":1304,"comment_status":"open","ping_status":"closed","sticky":false,"template":"","format":"standard","meta":{"footnotes":""},"categories":[110],"tags":[24,277,127,77,94],"class_list":["post-1303","post","type-post","status-publish","format-standard","has-post-thumbnail","hentry","category-internacional","tag-champions-league","tag-manchester-city","tag-principal","tag-real-madrid","tag-uefa"],"_links":{"self":[{"href":"http:\/\/lineadeportiva.mx\/ld2026\/wp-json\/wp\/v2\/posts\/1303","targetHints":{"allow":["GET"]}}],"collection":[{"href":"http:\/\/lineadeportiva.mx\/ld2026\/wp-json\/wp\/v2\/posts"}],"about":[{"href":"http:\/\/lineadeportiva.mx\/ld2026\/wp-json\/wp\/v2\/types\/post"}],"author":[{"embeddable":true,"href":"http:\/\/lineadeportiva.mx\/ld2026\/wp-json\/wp\/v2\/users\/1"}],"replies":[{"embeddable":true,"href":"http:\/\/lineadeportiva.mx\/ld2026\/wp-json\/wp\/v2\/comments?post=1303"}],"version-history":[{"count":1,"href":"http:\/\/lineadeportiva.mx\/ld2026\/wp-json\/wp\/v2\/posts\/1303\/revisions"}],"predecessor-version":[{"id":1305,"href":"http:\/\/lineadeportiva.mx\/ld2026\/wp-json\/wp\/v2\/posts\/1303\/revisions\/1305"}],"wp:featuredmedia":[{"embeddable":true,"href":"http:\/\/lineadeportiva.mx\/ld2026\/wp-json\/wp\/v2\/media\/1304"}],"wp:attachment":[{"href":"http:\/\/lineadeportiva.mx\/ld2026\/wp-json\/wp\/v2\/media?parent=1303"}],"wp:term":[{"taxonomy":"category","embeddable":true,"href":"http:\/\/lineadeportiva.mx\/ld2026\/wp-json\/wp\/v2\/categories?post=1303"},{"taxonomy":"post_tag","embeddable":true,"href":"http:\/\/lineadeportiva.mx\/ld2026\/wp-json\/wp\/v2\/tags?post=1303"}],"curies":[{"name":"wp","href":"https:\/\/api.w.org\/{rel}","templated":true}]}}