{"id":1315,"date":"2026-03-16T10:02:29","date_gmt":"2026-03-16T17:02:29","guid":{"rendered":"https:\/\/lineadeportiva.mx\/ld2026\/?p=1315"},"modified":"2026-03-16T10:02:30","modified_gmt":"2026-03-16T17:02:30","slug":"said-cisneros-brilla-en-turquia-y-logra-subcampeonato-en-el-tour-de-antalya-2026","status":"publish","type":"post","link":"http:\/\/lineadeportiva.mx\/ld2026\/2026\/03\/16\/said-cisneros-brilla-en-turquia-y-logra-subcampeonato-en-el-tour-de-antalya-2026\/","title":{"rendered":"Said Cisneros brilla en Turqu\u00eda y logra subcampeonato en el Tour de Antalya 2026"},"content":{"rendered":"\n<p>El ciclista mexicano <strong>Said Cisneros<\/strong> firm\u00f3 una actuaci\u00f3n sobresaliente que vuelve a colocar al ciclismo nacional en el panorama internacional al terminar <strong>segundo en la clasificaci\u00f3n general del Tour de Antalya 2026<\/strong>, competencia del calendario <strong>UCI 2.2<\/strong> disputada del <strong>12 al 15 de marzo en Turqu\u00eda<\/strong>.<\/p>\n\n\n\n<p>El pedalista originario de <strong>Aguascalientes<\/strong> finaliz\u00f3 a solo <strong>22 segundos del brasile\u00f1o Henrique Bravo<\/strong>, su compa\u00f1ero en el <strong>Soudal Quick-Step Devo Team<\/strong>, equipo que adem\u00e1s se llev\u00f3 la clasificaci\u00f3n general por escuadras en la carrera.<\/p>\n\n\n\n<h2 class=\"wp-block-heading\"><strong>La etapa reina marc\u00f3 la diferencia<\/strong><\/h2>\n\n\n\n<p>La competencia qued\u00f3 pr\u00e1cticamente definida en la <strong>tercera etapa<\/strong>, considerada la jornada reina del recorrido con final en <strong>Saklikent<\/strong>.<\/p>\n\n\n\n<p>En esa etapa de <strong>85.8 kil\u00f3metros<\/strong>, Bravo se qued\u00f3 con la victoria, mientras que <strong>Cisneros cruz\u00f3 en segundo lugar<\/strong>, resultado que termin\u00f3 acomodando la clasificaci\u00f3n general antes de la \u00faltima jornada en Antalya.<\/p>\n\n\n\n<p>El mexicano no solo destac\u00f3 en un d\u00eda espec\u00edfico, sino que <strong>sostuvo un rendimiento constante durante toda la semana<\/strong>, consolid\u00e1ndose como uno de los protagonistas del evento.<\/p>\n\n\n\n<h2 class=\"wp-block-heading\"><strong>Mejor escalador del Tour<\/strong><\/h2>\n\n\n\n<p>Adem\u00e1s del <strong>segundo lugar general<\/strong>, Cisneros se llev\u00f3 el <strong>jersey de la monta\u00f1a<\/strong>, terminando como <strong>mejor escalador del Tour de Antalya<\/strong>.<\/p>\n\n\n\n<p>Este logro confirma una de sus principales virtudes como ciclista: su capacidad para marcar diferencia en los recorridos de monta\u00f1a, un perfil que genera grandes expectativas sobre su futuro en el ciclismo profesional.<\/p>\n\n\n\n<h2 class=\"wp-block-heading\"><strong>Un talento mexicano en desarrollo internacional<\/strong><\/h2>\n\n\n\n<p>El resultado adquiere a\u00fan mayor relevancia considerando el momento de su carrera. <strong>Said Cisneros<\/strong>, nacido el <strong>23 de abril de 2007 en Aguascalientes<\/strong>, disputa en <strong>2026 su primera temporada con el Soudal Quick-Step Devo Team<\/strong>, el programa de desarrollo del reconocido equipo belga.<\/p>\n\n\n\n<p>Su llegada al ciclismo europeo fue consecuencia de su destacado rendimiento como juvenil, particularmente en el <strong>Mundial de Ruta de Kigali 2025<\/strong>, donde termin\u00f3 como <strong>el latinoamericano mejor ubicado en la prueba junior<\/strong>.<\/p>\n\n\n\n<h2 class=\"wp-block-heading\"><strong>M\u00e9xico tambi\u00e9n destaca en Italia<\/strong><\/h2>\n\n\n\n<p>El ciclismo mexicano tuvo otra buena noticia en el calendario juvenil europeo. <strong>Emilio Rodr\u00edguez<\/strong>, integrante del equipo <strong>A.R. Monex Sub-19<\/strong>, consigui\u00f3 el <strong>segundo lugar en el 5\u00ba Gran Premio Memorial Paolo Baicchi<\/strong>, disputado en <strong>Italia<\/strong>.<\/p>\n\n\n\n<p>El resultado confirma el buen momento que atraviesan varios j\u00f3venes ciclistas mexicanos que comienzan a abrirse paso en el exigente calendario europeo.<\/p>\n","protected":false},"excerpt":{"rendered":"<p>El ciclista mexicano Said Cisneros firm\u00f3 una actuaci\u00f3n sobresaliente que vuelve a colocar al ciclismo nacional en el panorama internacional al terminar segundo en la clasificaci\u00f3n general del Tour de Antalya 2026, competencia del calendario UCI 2.2 disputada del 12 al 15 de marzo en Turqu\u00eda. El pedalista originario de Aguascalientes finaliz\u00f3 a solo 22 [&hellip;]<\/p>\n","protected":false},"author":1,"featured_media":1316,"comment_status":"open","ping_status":"closed","sticky":false,"template":"","format":"standard","meta":{"footnotes":""},"categories":[109],"tags":[278,212],"class_list":["post-1315","post","type-post","status-publish","format-standard","has-post-thumbnail","hentry","category-nacional","tag-antalya-2026","tag-ciclismo"],"_links":{"self":[{"href":"http:\/\/lineadeportiva.mx\/ld2026\/wp-json\/wp\/v2\/posts\/1315","targetHints":{"allow":["GET"]}}],"collection":[{"href":"http:\/\/lineadeportiva.mx\/ld2026\/wp-json\/wp\/v2\/posts"}],"about":[{"href":"http:\/\/lineadeportiva.mx\/ld2026\/wp-json\/wp\/v2\/types\/post"}],"author":[{"embeddable":true,"href":"http:\/\/lineadeportiva.mx\/ld2026\/wp-json\/wp\/v2\/users\/1"}],"replies":[{"embeddable":true,"href":"http:\/\/lineadeportiva.mx\/ld2026\/wp-json\/wp\/v2\/comments?post=1315"}],"version-history":[{"count":1,"href":"http:\/\/lineadeportiva.mx\/ld2026\/wp-json\/wp\/v2\/posts\/1315\/revisions"}],"predecessor-version":[{"id":1317,"href":"http:\/\/lineadeportiva.mx\/ld2026\/wp-json\/wp\/v2\/posts\/1315\/revisions\/1317"}],"wp:featuredmedia":[{"embeddable":true,"href":"http:\/\/lineadeportiva.mx\/ld2026\/wp-json\/wp\/v2\/media\/1316"}],"wp:attachment":[{"href":"http:\/\/lineadeportiva.mx\/ld2026\/wp-json\/wp\/v2\/media?parent=1315"}],"wp:term":[{"taxonomy":"category","embeddable":true,"href":"http:\/\/lineadeportiva.mx\/ld2026\/wp-json\/wp\/v2\/categories?post=1315"},{"taxonomy":"post_tag","embeddable":true,"href":"http:\/\/lineadeportiva.mx\/ld2026\/wp-json\/wp\/v2\/tags?post=1315"}],"curies":[{"name":"wp","href":"https:\/\/api.w.org\/{rel}","templated":true}]}}