{"id":1094,"date":"2026-03-02T21:30:04","date_gmt":"2026-03-03T04:30:04","guid":{"rendered":"https:\/\/lineadeportiva.mx\/ld2026\/?p=1094"},"modified":"2026-03-02T21:30:05","modified_gmt":"2026-03-03T04:30:05","slug":"real-madrid-confirma-recaida-de-kylian-mbappe","status":"publish","type":"post","link":"https:\/\/lineadeportiva.mx\/ld2026\/2026\/03\/02\/real-madrid-confirma-recaida-de-kylian-mbappe\/","title":{"rendered":"Real Madrid confirma reca\u00edda de Kylian Mbapp\u00e9"},"content":{"rendered":"\n<p>El <a href=\"chatgpt:\/\/generic-entity?number=0\"><strong>Real Madrid<\/strong><\/a> rompi\u00f3 el silencio sobre la situaci\u00f3n f\u00edsica de <a href=\"chatgpt:\/\/generic-entity?number=1\"><strong>Kylian Mbapp\u00e9<\/strong><\/a>, quien arrastra molestias desde diciembre de 2025 y recientemente sufri\u00f3 una reca\u00edda que encendi\u00f3 las alarmas en la recta final de la temporada.<\/p>\n\n\n\n<p>El parte m\u00e9dico oficial, publicado este 2 de marzo, confirm\u00f3 que el delantero franc\u00e9s de 27 a\u00f1os padece un <strong>esguince en la rodilla izquierda<\/strong>. El club merengue no estableci\u00f3 plazos de recuperaci\u00f3n y dej\u00f3 claro que el regreso del atacante depender\u00e1 exclusivamente de su evoluci\u00f3n.<\/p>\n\n\n\n<blockquote class=\"wp-block-quote is-layout-flow wp-block-quote-is-layout-flow\">\n<p>\u201cTras las pruebas realizadas\u2026 se confirma el diagn\u00f3stico de esguince en la rodilla izquierda y la idoneidad del tratamiento conservador que se est\u00e1 siguiendo. Pendiente de evoluci\u00f3n\u201d.<\/p>\n<\/blockquote>\n\n\n\n<hr class=\"wp-block-separator has-alpha-channel-opacity\"\/>\n\n\n\n<h3 class=\"wp-block-heading\"><strong>Tratamiento conservador y m\u00e1xima cautela<\/strong><\/h3>\n\n\n\n<p>La instituci\u00f3n blanca optar\u00e1 por un <strong>tratamiento conservador<\/strong>, priorizando una recuperaci\u00f3n segura que evite riesgos adicionales. La ausencia de fechas refleja la incertidumbre que rodea al jugador, considerado pieza clave en el esquema del equipo dirigido por <a href=\"chatgpt:\/\/generic-entity?number=2\"><strong>\u00c1lvaro Arbeloa<\/strong><\/a>.<\/p>\n\n\n\n<p>Arbeloa reconoci\u00f3 en conferencia que la situaci\u00f3n genera preocupaci\u00f3n, especialmente cuando el equipo necesita a su m\u00e1xima figura para afrontar los compromisos decisivos del calendario.<\/p>\n\n\n\n<hr class=\"wp-block-separator has-alpha-channel-opacity\"\/>\n\n\n\n<h3 class=\"wp-block-heading\"><strong>Francia tambi\u00e9n en alerta<\/strong><\/h3>\n\n\n\n<p>La atenci\u00f3n no solo est\u00e1 en Madrid. En Francia siguen de cerca cada parte m\u00e9dico, ya que faltan poco m\u00e1s de 100 d\u00edas para el Mundial 2026, donde Mbapp\u00e9 apunta a ser uno de los grandes protagonistas tras consolidarse como uno de los delanteros m\u00e1s determinantes del planeta.<\/p>\n\n\n\n<p>Mientras tanto, el Real Madrid navega en medio de cr\u00edticas por su rendimiento colectivo, esperando que su estrella vuelva al c\u00e9sped en plenitud.<\/p>\n\n\n\n<p>La carrera contra el tiempo ya comenz\u00f3.<\/p>\n","protected":false},"excerpt":{"rendered":"<p>El Real Madrid rompi\u00f3 el silencio sobre la situaci\u00f3n f\u00edsica de Kylian Mbapp\u00e9, quien arrastra molestias desde diciembre de 2025 y recientemente sufri\u00f3 una reca\u00edda que encendi\u00f3 las alarmas en la recta final de la temporada. El parte m\u00e9dico oficial, publicado este 2 de marzo, confirm\u00f3 que el delantero franc\u00e9s de 27 a\u00f1os padece un [&hellip;]<\/p>\n","protected":false},"author":1,"featured_media":1095,"comment_status":"open","ping_status":"closed","sticky":false,"template":"","format":"standard","meta":{"footnotes":""},"categories":[110],"tags":[255,127,77,94],"class_list":["post-1094","post","type-post","status-publish","format-standard","has-post-thumbnail","hentry","category-internacional","tag-mbappe","tag-principal","tag-real-madrid","tag-uefa"],"_links":{"self":[{"href":"https:\/\/lineadeportiva.mx\/ld2026\/wp-json\/wp\/v2\/posts\/1094","targetHints":{"allow":["GET"]}}],"collection":[{"href":"https:\/\/lineadeportiva.mx\/ld2026\/wp-json\/wp\/v2\/posts"}],"about":[{"href":"https:\/\/lineadeportiva.mx\/ld2026\/wp-json\/wp\/v2\/types\/post"}],"author":[{"embeddable":true,"href":"https:\/\/lineadeportiva.mx\/ld2026\/wp-json\/wp\/v2\/users\/1"}],"replies":[{"embeddable":true,"href":"https:\/\/lineadeportiva.mx\/ld2026\/wp-json\/wp\/v2\/comments?post=1094"}],"version-history":[{"count":1,"href":"https:\/\/lineadeportiva.mx\/ld2026\/wp-json\/wp\/v2\/posts\/1094\/revisions"}],"predecessor-version":[{"id":1096,"href":"https:\/\/lineadeportiva.mx\/ld2026\/wp-json\/wp\/v2\/posts\/1094\/revisions\/1096"}],"wp:featuredmedia":[{"embeddable":true,"href":"https:\/\/lineadeportiva.mx\/ld2026\/wp-json\/wp\/v2\/media\/1095"}],"wp:attachment":[{"href":"https:\/\/lineadeportiva.mx\/ld2026\/wp-json\/wp\/v2\/media?parent=1094"}],"wp:term":[{"taxonomy":"category","embeddable":true,"href":"https:\/\/lineadeportiva.mx\/ld2026\/wp-json\/wp\/v2\/categories?post=1094"},{"taxonomy":"post_tag","embeddable":true,"href":"https:\/\/lineadeportiva.mx\/ld2026\/wp-json\/wp\/v2\/tags?post=1094"}],"curies":[{"name":"wp","href":"https:\/\/api.w.org\/{rel}","templated":true}]}}