{"id":1100,"date":"2026-03-02T21:37:59","date_gmt":"2026-03-03T04:37:59","guid":{"rendered":"https:\/\/lineadeportiva.mx\/ld2026\/?p=1100"},"modified":"2026-03-02T21:38:00","modified_gmt":"2026-03-03T04:38:00","slug":"regina-martinez-hace-historia-en-milano-cortina-2026","status":"publish","type":"post","link":"https:\/\/lineadeportiva.mx\/ld2026\/2026\/03\/02\/regina-martinez-hace-historia-en-milano-cortina-2026\/","title":{"rendered":"Regina Mart\u00ednez hace historia en Milano Cortina 2026"},"content":{"rendered":"\n<p>El deporte mexicano escribi\u00f3 una p\u00e1gina in\u00e9dita en los <a href=\"chatgpt:\/\/generic-entity?number=0\"><strong>Juegos Ol\u00edmpicos de Invierno Milano Cortina 2026<\/strong><\/a>.<\/p>\n\n\n\n<p><a href=\"chatgpt:\/\/generic-entity?number=1\"><strong>Regina Mart\u00ednez<\/strong><\/a> se convirti\u00f3 en la <strong>primera atleta mexicana en completar una prueba de esqu\u00ed de fondo en unos Juegos Ol\u00edmpicos de Invierno<\/strong>, un logro que rompe paradigmas en una disciplina hist\u00f3ricamente lejana para nuestro pa\u00eds.<\/p>\n\n\n\n<p>Con un tiempo de <strong>34:05.4<\/strong>, Regina cruz\u00f3 la meta en la posici\u00f3n 108, pero el n\u00famero es lo de menos: su haza\u00f1a representa un antes y un despu\u00e9s para el deporte invernal en M\u00e9xico.<\/p>\n\n\n\n<hr class=\"wp-block-separator has-alpha-channel-opacity\"\/>\n\n\n\n<h2 class=\"wp-block-heading\"><strong>Un sue\u00f1o nacido en pandemia<\/strong><\/h2>\n\n\n\n<p>Regina comenz\u00f3 a practicar esqu\u00ed de fondo en 2020, en plena pandemia. Cinco a\u00f1os despu\u00e9s estaba compitiendo en el escenario m\u00e1s exigente del planeta.<\/p>\n\n\n\n<p>Su inspiraci\u00f3n fue clara:<\/p>\n\n\n\n<p><a href=\"chatgpt:\/\/generic-entity?number=2\"><strong>Germ\u00e1n Madrazo<\/strong><\/a>, quien represent\u00f3 a M\u00e9xico en <a href=\"chatgpt:\/\/generic-entity?number=3\"><strong>PyeongChang 2018<\/strong><\/a>.<\/p>\n\n\n\n<blockquote class=\"wp-block-quote is-layout-flow wp-block-quote-is-layout-flow\">\n<p>\u201cCuando vi que ninguna mexicana lo hab\u00eda logrado dije: \u2018\u00bfpor qu\u00e9 no intentarlo?\u2019\u201d<\/p>\n<\/blockquote>\n\n\n\n<p>El camino no fue sencillo. Sin tradici\u00f3n, sin nieve constante y con altos costos de preparaci\u00f3n, el proceso exigi\u00f3 humildad, resiliencia y una fortaleza mental extraordinaria.<\/p>\n\n\n\n<hr class=\"wp-block-separator has-alpha-channel-opacity\"\/>\n\n\n\n<h2 class=\"wp-block-heading\"><strong>Un deporte extremo, una mente fuerte<\/strong><\/h2>\n\n\n\n<p>El esqu\u00ed de fondo es una de las pruebas m\u00e1s demandantes del programa ol\u00edmpico invernal. Resistencia cardiovascular, potencia muscular y t\u00e9cnica milim\u00e9trica bajo temperaturas extremas.<\/p>\n\n\n\n<blockquote class=\"wp-block-quote is-layout-flow wp-block-quote-is-layout-flow\">\n<p>\u201cEs un deporte s\u00faper f\u00edsicamente demandante\u2026 tienes que estar dispuesto a caerte, cometer errores y aprender.\u201d<\/p>\n<\/blockquote>\n\n\n\n<p>Lo m\u00e1s duro, confes\u00f3, no fue la carrera\u2026 sino la espera.<\/p>\n\n\n\n<blockquote class=\"wp-block-quote is-layout-flow wp-block-quote-is-layout-flow\">\n<p>\u201cLa anticipaci\u00f3n fue peor que la competencia. Saber que todo tu pa\u00eds te est\u00e1 viendo es precioso, pero nadie te prepara para eso.\u201d<\/p>\n<\/blockquote>\n\n\n\n<hr class=\"wp-block-separator has-alpha-channel-opacity\"\/>\n\n\n\n<h2 class=\"wp-block-heading\"><strong>De Pumas al hielo ol\u00edmpico<\/strong><\/h2>\n\n\n\n<p>Antes del esqu\u00ed, Regina form\u00f3 parte de fuerzas b\u00e1sicas femeniles de <a href=\"chatgpt:\/\/generic-entity?number=4\"><strong>Pumas UNAM Femenil<\/strong><\/a>. Siempre fue deportista. Esa base f\u00edsica y mental fue clave para adaptarse a una disciplina completamente nueva.<\/p>\n\n\n\n<p>Hoy, su nombre queda inscrito en la historia del olimpismo mexicano.<\/p>\n\n\n\n<hr class=\"wp-block-separator has-alpha-channel-opacity\"\/>\n\n\n\n<h2 class=\"wp-block-heading\"><strong>M\u00e1s que un resultado, una puerta abierta<\/strong><\/h2>\n\n\n\n<p>En un pa\u00eds sin tradici\u00f3n invernal, Regina Mart\u00ednez demostr\u00f3 que los l\u00edmites geogr\u00e1ficos no determinan los sue\u00f1os.<\/p>\n\n\n\n<p>Milano Cortina 2026 no solo fue una meta cruzada. Fue el inicio de un camino para nuevas generaciones que ahora saben que s\u00ed es posible.<\/p>\n\n\n\n<p>M\u00e9xico ya tiene su pionera en el esqu\u00ed de fondo. Y su historia apenas comienza.<\/p>\n","protected":false},"excerpt":{"rendered":"<p>El deporte mexicano escribi\u00f3 una p\u00e1gina in\u00e9dita en los Juegos Ol\u00edmpicos de Invierno Milano Cortina 2026. Regina Mart\u00ednez se convirti\u00f3 en la primera atleta mexicana en completar una prueba de esqu\u00ed de fondo en unos Juegos Ol\u00edmpicos de Invierno, un logro que rompe paradigmas en una disciplina hist\u00f3ricamente lejana para nuestro pa\u00eds. Con un tiempo [&hellip;]<\/p>\n","protected":false},"author":1,"featured_media":1101,"comment_status":"open","ping_status":"closed","sticky":false,"template":"","format":"standard","meta":{"footnotes":""},"categories":[110],"tags":[172,127],"class_list":["post-1100","post","type-post","status-publish","format-standard","has-post-thumbnail","hentry","category-internacional","tag-milano","tag-principal"],"_links":{"self":[{"href":"https:\/\/lineadeportiva.mx\/ld2026\/wp-json\/wp\/v2\/posts\/1100","targetHints":{"allow":["GET"]}}],"collection":[{"href":"https:\/\/lineadeportiva.mx\/ld2026\/wp-json\/wp\/v2\/posts"}],"about":[{"href":"https:\/\/lineadeportiva.mx\/ld2026\/wp-json\/wp\/v2\/types\/post"}],"author":[{"embeddable":true,"href":"https:\/\/lineadeportiva.mx\/ld2026\/wp-json\/wp\/v2\/users\/1"}],"replies":[{"embeddable":true,"href":"https:\/\/lineadeportiva.mx\/ld2026\/wp-json\/wp\/v2\/comments?post=1100"}],"version-history":[{"count":1,"href":"https:\/\/lineadeportiva.mx\/ld2026\/wp-json\/wp\/v2\/posts\/1100\/revisions"}],"predecessor-version":[{"id":1102,"href":"https:\/\/lineadeportiva.mx\/ld2026\/wp-json\/wp\/v2\/posts\/1100\/revisions\/1102"}],"wp:featuredmedia":[{"embeddable":true,"href":"https:\/\/lineadeportiva.mx\/ld2026\/wp-json\/wp\/v2\/media\/1101"}],"wp:attachment":[{"href":"https:\/\/lineadeportiva.mx\/ld2026\/wp-json\/wp\/v2\/media?parent=1100"}],"wp:term":[{"taxonomy":"category","embeddable":true,"href":"https:\/\/lineadeportiva.mx\/ld2026\/wp-json\/wp\/v2\/categories?post=1100"},{"taxonomy":"post_tag","embeddable":true,"href":"https:\/\/lineadeportiva.mx\/ld2026\/wp-json\/wp\/v2\/tags?post=1100"}],"curies":[{"name":"wp","href":"https:\/\/api.w.org\/{rel}","templated":true}]}}