{"id":1162,"date":"2026-03-05T21:15:38","date_gmt":"2026-03-06T04:15:38","guid":{"rendered":"https:\/\/lineadeportiva.mx\/ld2026\/?p=1162"},"modified":"2026-03-05T21:15:39","modified_gmt":"2026-03-06T04:15:39","slug":"checo-perez-sufre-problemas-en-melbourne","status":"publish","type":"post","link":"https:\/\/lineadeportiva.mx\/ld2026\/2026\/03\/05\/checo-perez-sufre-problemas-en-melbourne\/","title":{"rendered":"Checo P\u00e9rez sufre problemas en Melbourne"},"content":{"rendered":"\n<p>La temporada de <strong>F\u00f3rmula 1<\/strong> comenz\u00f3 a tomar ritmo con las <strong>pr\u00e1cticas libres 1 del Gran Premio de Australia<\/strong>, donde <strong>Ferrari y Red Bull marcaron el paso en el circuito de Albert Park<\/strong>. El m\u00e1s r\u00e1pido de la sesi\u00f3n fue <strong>Lewis Hamilton<\/strong>, quien registr\u00f3 un tiempo de <strong>1:20.267<\/strong>, superando a su compa\u00f1ero <strong>Charles Leclerc<\/strong>, mientras que <strong>Max Verstappen<\/strong> complet\u00f3 el top tres.<\/p>\n\n\n\n<p>La escuder\u00eda Ferrari mostr\u00f3 un gran ritmo desde los primeros minutos de actividad, con Hamilton y Leclerc intercambiando vueltas r\u00e1pidas y consolid\u00e1ndose como los principales protagonistas de la sesi\u00f3n. Verstappen tambi\u00e9n se mantuvo en la pelea por los mejores tiempos, presionando constantemente al equipo italiano.<\/p>\n\n\n\n<p>Durante gran parte de la pr\u00e1ctica se vivi\u00f3 un intenso duelo entre los pilotos del <strong>Cavallino Rampante<\/strong> y los monoplazas de <strong>Red Bull<\/strong>, con Hamilton, Leclerc, Verstappen e <strong>Isack Hadjar<\/strong> protagonizando la batalla por la cima del cron\u00f3metro. Finalmente, el siete veces campe\u00f3n del mundo logr\u00f3 imponerse para quedarse con el mejor registro de la jornada.<\/p>\n\n\n\n<p>Uno de los pilotos que destac\u00f3 fue el joven <strong>Arvid Lindblad<\/strong>, de <strong>Racing Bulls<\/strong>, quien sorprendi\u00f3 al terminar en la <strong>quinta posici\u00f3n<\/strong> tras una s\u00f3lida actuaci\u00f3n en su primera sesi\u00f3n del fin de semana en Melbourne.<\/p>\n\n\n\n<h2 class=\"wp-block-heading\"><strong>Problemas para Checo P\u00e9rez<\/strong><\/h2>\n\n\n\n<p>El piloto mexicano <strong>Sergio \u201cCheco\u201d P\u00e9rez<\/strong> tuvo un regreso complicado al circuito australiano. El tapat\u00edo finaliz\u00f3 en la <strong>vig\u00e9sima posici\u00f3n<\/strong> luego de presentar <strong>problemas en el motor<\/strong>, particularmente al momento de frenar, situaci\u00f3n que le provoc\u00f3 perder el control de su monoplaza en la recta final de la sesi\u00f3n.<\/p>\n\n\n\n<p>P\u00e9rez incluso protagoniz\u00f3 un <strong>trompo en la curva tres<\/strong>, incidente que afect\u00f3 su ritmo y le impidi\u00f3 mejorar sus tiempos en la tabla general.<\/p>\n\n\n\n<h2 class=\"wp-block-heading\"><strong>Incidentes en la sesi\u00f3n<\/strong><\/h2>\n\n\n\n<p>Las primeras pr\u00e1cticas tambi\u00e9n estuvieron marcadas por algunos inconvenientes mec\u00e1nicos. El vigente campe\u00f3n del mundo <strong>Lando Norris<\/strong> tuvo dificultades de potencia con su McLaren al acelerar, mientras que su compa\u00f1ero <strong>Oscar Piastri<\/strong> tampoco logr\u00f3 imponer condiciones en la pista.<\/p>\n\n\n\n<p>Por su parte, el espa\u00f1ol <strong>Fernando Alonso<\/strong> vivi\u00f3 un momento complicado cuando su monoplaza se detuvo al salir de los boxes. A pesar de los intentos de su equipo por resolver la aver\u00eda, el asturiano no pudo regresar a la pista y decidi\u00f3 reservar el auto para la segunda pr\u00e1ctica.<\/p>\n\n\n\n<h2 class=\"wp-block-heading\"><strong>A la espera de las FP2<\/strong><\/h2>\n\n\n\n<p>Con las <strong>FP2 programadas m\u00e1s tarde en Melbourne<\/strong>, los equipos buscar\u00e1n realizar ajustes para mejorar el rendimiento antes de la <strong>clasificaci\u00f3n y la carrera del Gran Premio de Australia<\/strong>.<\/p>\n\n\n\n<p>En el caso de <strong>Checo P\u00e9rez y su escuder\u00eda<\/strong>, el objetivo ser\u00e1 resolver los problemas mec\u00e1nicos para mostrar un mejor ritmo y poder competir por posiciones m\u00e1s altas durante el resto del fin de semana.<\/p>\n","protected":false},"excerpt":{"rendered":"<p>La temporada de F\u00f3rmula 1 comenz\u00f3 a tomar ritmo con las pr\u00e1cticas libres 1 del Gran Premio de Australia, donde Ferrari y Red Bull marcaron el paso en el circuito de Albert Park. El m\u00e1s r\u00e1pido de la sesi\u00f3n fue Lewis Hamilton, quien registr\u00f3 un tiempo de 1:20.267, superando a su compa\u00f1ero Charles Leclerc, mientras [&hellip;]<\/p>\n","protected":false},"author":1,"featured_media":1163,"comment_status":"open","ping_status":"closed","sticky":false,"template":"","format":"standard","meta":{"footnotes":""},"categories":[110],"tags":[141,113,127],"class_list":["post-1162","post","type-post","status-publish","format-standard","has-post-thumbnail","hentry","category-internacional","tag-checo","tag-f1","tag-principal"],"_links":{"self":[{"href":"https:\/\/lineadeportiva.mx\/ld2026\/wp-json\/wp\/v2\/posts\/1162","targetHints":{"allow":["GET"]}}],"collection":[{"href":"https:\/\/lineadeportiva.mx\/ld2026\/wp-json\/wp\/v2\/posts"}],"about":[{"href":"https:\/\/lineadeportiva.mx\/ld2026\/wp-json\/wp\/v2\/types\/post"}],"author":[{"embeddable":true,"href":"https:\/\/lineadeportiva.mx\/ld2026\/wp-json\/wp\/v2\/users\/1"}],"replies":[{"embeddable":true,"href":"https:\/\/lineadeportiva.mx\/ld2026\/wp-json\/wp\/v2\/comments?post=1162"}],"version-history":[{"count":1,"href":"https:\/\/lineadeportiva.mx\/ld2026\/wp-json\/wp\/v2\/posts\/1162\/revisions"}],"predecessor-version":[{"id":1164,"href":"https:\/\/lineadeportiva.mx\/ld2026\/wp-json\/wp\/v2\/posts\/1162\/revisions\/1164"}],"wp:featuredmedia":[{"embeddable":true,"href":"https:\/\/lineadeportiva.mx\/ld2026\/wp-json\/wp\/v2\/media\/1163"}],"wp:attachment":[{"href":"https:\/\/lineadeportiva.mx\/ld2026\/wp-json\/wp\/v2\/media?parent=1162"}],"wp:term":[{"taxonomy":"category","embeddable":true,"href":"https:\/\/lineadeportiva.mx\/ld2026\/wp-json\/wp\/v2\/categories?post=1162"},{"taxonomy":"post_tag","embeddable":true,"href":"https:\/\/lineadeportiva.mx\/ld2026\/wp-json\/wp\/v2\/tags?post=1162"}],"curies":[{"name":"wp","href":"https:\/\/api.w.org\/{rel}","templated":true}]}}