{"id":1184,"date":"2026-03-09T07:40:28","date_gmt":"2026-03-09T14:40:28","guid":{"rendered":"https:\/\/lineadeportiva.mx\/ld2026\/?p=1184"},"modified":"2026-03-09T07:40:29","modified_gmt":"2026-03-09T14:40:29","slug":"messi-estuvo-a-un-paso-del-regreso-sonado","status":"publish","type":"post","link":"https:\/\/lineadeportiva.mx\/ld2026\/2026\/03\/09\/messi-estuvo-a-un-paso-del-regreso-sonado\/","title":{"rendered":"Messi estuvo a un paso del regreso so\u00f1ado"},"content":{"rendered":"\n<p>El regreso de Lionel Messi al Barcelona en 2023 no fue solo un rumor que agit\u00f3 al mundo del futbol: estuvo, seg\u00fan Xavi Hern\u00e1ndez, mucho m\u00e1s cerca de concretarse de lo que alguna vez se imagin\u00f3. El exentrenador blaugrana solt\u00f3 una aut\u00e9ntica bomba al revelar que el astro argentino pr\u00e1cticamente ya estaba amarrado para volver al club de sus amores, pero todo termin\u00f3 derrumb\u00e1ndose por una decisi\u00f3n tomada desde la presidencia.<\/p>\n\n\n\n<p>En entrevista con <em>La Vanguardia<\/em>, Xavi asegur\u00f3 que despu\u00e9s de la conquista de la Copa del Mundo en Qatar 2022, Messi le expres\u00f3 directamente su ilusi\u00f3n de regresar al conjunto catal\u00e1n. Las conversaciones avanzaron durante meses y, de acuerdo con el estratega, el proyecto deportivo ya estaba completamente armado para recibir nuevamente al m\u00e1ximo \u00eddolo de la instituci\u00f3n.<\/p>\n\n\n\n<p>\u201cLeo estaba fichado\u201d, afirm\u00f3 Xavi, dejando claro que el regreso no solo era una posibilidad sentimental, sino una operaci\u00f3n que caminaba con fuerza. Incluso explic\u00f3 que ya exist\u00eda luz verde de LaLiga y que las negociaciones con Jorge Messi, padre y representante del futbolista, avanzaban en la direcci\u00f3n correcta.<\/p>\n\n\n\n<p>Sin embargo, cuando todo parec\u00eda alineado para vivir un cap\u00edtulo inolvidable en la historia blaugrana, apareci\u00f3 el freno definitivo. Seg\u00fan la versi\u00f3n del exentrenador, Joan Laporta decidi\u00f3 echar para atr\u00e1s la operaci\u00f3n por motivos que iban m\u00e1s all\u00e1 de lo econ\u00f3mico. Xavi relat\u00f3 que el presidente le confes\u00f3 que el regreso de Messi podr\u00eda desatar una guerra interna dentro del club, una situaci\u00f3n que no estaba dispuesto a permitir.<\/p>\n\n\n\n<p>La revelaci\u00f3n sacude nuevamente al barcelonismo, que en su momento so\u00f1\u00f3 con ver a Messi vestir una vez m\u00e1s la camiseta azulgrana, liderando una especie de \u201c\u00faltimo baile\u201d al m\u00e1s puro estilo de Michael Jordan. Xavi confes\u00f3 que ese era precisamente el plan: un cierre legendario, con el argentino guiando al equipo desde Montju\u00efc y aportando su magia intacta en el \u00faltimo tercio del campo.<\/p>\n\n\n\n<p>Para el t\u00e9cnico catal\u00e1n, no hab\u00eda dudas del impacto que Messi habr\u00eda tenido en ese Barcelona. Goles, asistencias, visi\u00f3n, pausa y jerarqu\u00eda. Todo estaba listo para que el \u00eddolo regresara a casa y encendiera una vez m\u00e1s la ilusi\u00f3n de una afici\u00f3n que jam\u00e1s dej\u00f3 de corear su nombre.<\/p>\n\n\n\n<p>Pero el destino tom\u00f3 otro rumbo. La comunicaci\u00f3n se fue enfriando, Messi dej\u00f3 de responder llamadas y el sue\u00f1o comenz\u00f3 a apagarse entre decisiones de escritorio. Poco despu\u00e9s, el campe\u00f3n del mundo opt\u00f3 por cerrar su etapa europea y emprender una nueva aventura con el Inter Miami en la MLS.<\/p>\n\n\n\n<p>Hoy, las palabras de Xavi reabren una herida que nunca termin\u00f3 de sanar en Barcelona. El regreso del \u201c10\u201d estuvo ah\u00ed, al alcance de la mano, listo para convertirse en una de las historias m\u00e1s emocionantes del futbol moderno. Pero al final, el reencuentro so\u00f1ado entre Messi y el Bar\u00e7a se qued\u00f3 en eso: un sue\u00f1o que roz\u00f3 la realidad y termin\u00f3 escap\u00e1ndose en el \u00faltimo instante.<\/p>\n\n\n\n<p>Si quieres, te la adapto tambi\u00e9n en formato <strong>m\u00e1s period\u00edstico para portal<\/strong>, <strong>m\u00e1s explosivo para Facebook<\/strong> o <strong>m\u00e1s corto para encabezado y bajada<\/strong>.<\/p>\n","protected":false},"excerpt":{"rendered":"<p>El regreso de Lionel Messi al Barcelona en 2023 no fue solo un rumor que agit\u00f3 al mundo del futbol: estuvo, seg\u00fan Xavi Hern\u00e1ndez, mucho m\u00e1s cerca de concretarse de lo que alguna vez se imagin\u00f3. El exentrenador blaugrana solt\u00f3 una aut\u00e9ntica bomba al revelar que el astro argentino pr\u00e1cticamente ya estaba amarrado para volver [&hellip;]<\/p>\n","protected":false},"author":1,"featured_media":1185,"comment_status":"open","ping_status":"closed","sticky":false,"template":"","format":"standard","meta":{"footnotes":""},"categories":[110],"tags":[17,199,127],"class_list":["post-1184","post","type-post","status-publish","format-standard","has-post-thumbnail","hentry","category-internacional","tag-barcelona","tag-messi","tag-principal"],"_links":{"self":[{"href":"https:\/\/lineadeportiva.mx\/ld2026\/wp-json\/wp\/v2\/posts\/1184","targetHints":{"allow":["GET"]}}],"collection":[{"href":"https:\/\/lineadeportiva.mx\/ld2026\/wp-json\/wp\/v2\/posts"}],"about":[{"href":"https:\/\/lineadeportiva.mx\/ld2026\/wp-json\/wp\/v2\/types\/post"}],"author":[{"embeddable":true,"href":"https:\/\/lineadeportiva.mx\/ld2026\/wp-json\/wp\/v2\/users\/1"}],"replies":[{"embeddable":true,"href":"https:\/\/lineadeportiva.mx\/ld2026\/wp-json\/wp\/v2\/comments?post=1184"}],"version-history":[{"count":1,"href":"https:\/\/lineadeportiva.mx\/ld2026\/wp-json\/wp\/v2\/posts\/1184\/revisions"}],"predecessor-version":[{"id":1186,"href":"https:\/\/lineadeportiva.mx\/ld2026\/wp-json\/wp\/v2\/posts\/1184\/revisions\/1186"}],"wp:featuredmedia":[{"embeddable":true,"href":"https:\/\/lineadeportiva.mx\/ld2026\/wp-json\/wp\/v2\/media\/1185"}],"wp:attachment":[{"href":"https:\/\/lineadeportiva.mx\/ld2026\/wp-json\/wp\/v2\/media?parent=1184"}],"wp:term":[{"taxonomy":"category","embeddable":true,"href":"https:\/\/lineadeportiva.mx\/ld2026\/wp-json\/wp\/v2\/categories?post=1184"},{"taxonomy":"post_tag","embeddable":true,"href":"https:\/\/lineadeportiva.mx\/ld2026\/wp-json\/wp\/v2\/tags?post=1184"}],"curies":[{"name":"wp","href":"https:\/\/api.w.org\/{rel}","templated":true}]}}