{"id":1197,"date":"2026-03-09T08:00:29","date_gmt":"2026-03-09T15:00:29","guid":{"rendered":"https:\/\/lineadeportiva.mx\/ld2026\/?p=1197"},"modified":"2026-03-09T08:00:29","modified_gmt":"2026-03-09T15:00:29","slug":"mas-de-750-corredores-dieron-vida-a-la-carrera-municipal-de-la-mujer-2026","status":"publish","type":"post","link":"https:\/\/lineadeportiva.mx\/ld2026\/2026\/03\/09\/mas-de-750-corredores-dieron-vida-a-la-carrera-municipal-de-la-mujer-2026\/","title":{"rendered":"M\u00e1s de 750 corredores dieron vida a la Carrera Municipal de la Mujer 2026"},"content":{"rendered":"\n<p>Ciudad Ju\u00e1rez vivi\u00f3 una aut\u00e9ntica celebraci\u00f3n de energ\u00eda, esfuerzo y convivencia con la realizaci\u00f3n de la <strong>Carrera Municipal de la Mujer 2026<\/strong>, evento que reuni\u00f3 a <strong>m\u00e1s de 750 corredores<\/strong> en el <strong>Parque Extremo<\/strong> dentro de una jornada especial dedicada a la activaci\u00f3n f\u00edsica y a la conmemoraci\u00f3n del <strong>D\u00eda Internacional de la Mujer<\/strong>.<\/p>\n\n\n\n<p>Desde temprana hora, atletas, familias y comunidad en general se dieron cita para formar parte de una fiesta deportiva que combin\u00f3 competencia, entusiasmo y un gran ambiente familiar. La justa cont\u00f3 con dos modalidades: una <strong>carrera competitiva de 10 kil\u00f3metros<\/strong> y una <strong>carrera recreativa de 3 kil\u00f3metros<\/strong>, permitiendo que tanto corredores experimentados como j\u00f3venes, ni\u00f1as, ni\u00f1os y familias completas se sumaran a esta gran celebraci\u00f3n.<\/p>\n\n\n\n<p>El arranque oficial estuvo a cargo del director del <strong>Instituto Municipal del Deporte<\/strong>, <strong>Juan Carlos Escalante Su\u00e1rez<\/strong>, quien reconoci\u00f3 el respaldo del presidente municipal <strong>Cruz P\u00e9rez Cu\u00e9llar<\/strong> para seguir impulsando actividades que promueven el deporte, la salud y la convivencia entre la ciudadan\u00eda.<\/p>\n\n\n\n<p>En lo deportivo, la competencia de los <strong>10 kil\u00f3metros<\/strong> dej\u00f3 emociones intensas y un alto nivel sobre el recorrido. En la <strong>categor\u00eda general varonil<\/strong>, el triunfo fue para <strong>Mois\u00e9s Alejandro Reyes<\/strong>, quien detuvo el cron\u00f3metro en <strong>32:17<\/strong>, seguido muy de cerca por <strong>Aldair Calder\u00f3n P\u00e9rez<\/strong> con <strong>32:28<\/strong>, mientras que <strong>Andr\u00e9s Avil\u00e9s R\u00edos<\/strong> complet\u00f3 el podio con un tiempo de <strong>32:55<\/strong>.<\/p>\n\n\n\n<p>Por su parte, en la <strong>rama femenil<\/strong>, <strong>Mayra Antonia Alba<\/strong> se llev\u00f3 los m\u00e1ximos honores tras cruzar la meta con un destacado tiempo de <strong>39:15<\/strong>, consolid\u00e1ndose como la ganadora de la jornada. Detr\u00e1s de ella llegaron <strong>Karen Judith Alba<\/strong>, con <strong>41:36<\/strong>, y <strong>Elizabeth \u00c1vila<\/strong>, quien registr\u00f3 <strong>42:44<\/strong> para quedarse con el tercer puesto.<\/p>\n\n\n\n<p>Adem\u00e1s de la clasificaci\u00f3n general, la carrera tambi\u00e9n cont\u00f3 con diversas <strong>categor\u00edas por edades<\/strong>, donde decenas de atletas lograron sobresalir en sus respectivos grupos, demostrando que el talento y la pasi\u00f3n por correr estuvieron presentes en cada rinc\u00f3n del evento.<\/p>\n\n\n\n<p>Tras el esfuerzo en la ruta, la fiesta continu\u00f3 en la zona de meta, donde el ambiente se mantuvo encendido gracias a la presencia de <strong>negocios locales<\/strong> que ofrecieron alimentos, bebidas y distintos productos para los asistentes, transformando la jornada en un punto de encuentro para deportistas, familias y visitantes.<\/p>\n\n\n\n<p>La Carrera Municipal de la Mujer 2026 no solo dej\u00f3 ganadores y buenos tiempos, sino tambi\u00e9n una poderosa imagen de comunidad, participaci\u00f3n y celebraci\u00f3n a trav\u00e9s del deporte. Autoridades municipales destacaron que este tipo de eventos fortalecen la integraci\u00f3n social, fomentan estilos de vida saludables y adem\u00e1s generan movimiento en la econom\u00eda local, por lo que se seguir\u00e1 apostando por actividades similares a lo largo del a\u00f1o en distintos puntos de la ciudad.<\/p>\n\n\n\n<p>Una ma\u00f1ana de esfuerzo, alegr\u00eda y uni\u00f3n que volvi\u00f3 a demostrar que cuando el deporte convoca, Ciudad Ju\u00e1rez responde con fuerza.<\/p>\n\n\n\n<p>Si quieres, tambi\u00e9n te la hago en versi\u00f3n <strong>m\u00e1s corta para Facebook<\/strong> o con <strong>t\u00edtulo y bajada estilo portal deportivo<\/strong>.<\/p>\n","protected":false},"excerpt":{"rendered":"<p>Ciudad Ju\u00e1rez vivi\u00f3 una aut\u00e9ntica celebraci\u00f3n de energ\u00eda, esfuerzo y convivencia con la realizaci\u00f3n de la Carrera Municipal de la Mujer 2026, evento que reuni\u00f3 a m\u00e1s de 750 corredores en el Parque Extremo dentro de una jornada especial dedicada a la activaci\u00f3n f\u00edsica y a la conmemoraci\u00f3n del D\u00eda Internacional de la Mujer. Desde [&hellip;]<\/p>\n","protected":false},"author":1,"featured_media":1198,"comment_status":"open","ping_status":"closed","sticky":false,"template":"","format":"standard","meta":{"footnotes":""},"categories":[107],"tags":[266],"class_list":["post-1197","post","type-post","status-publish","format-standard","has-post-thumbnail","hentry","category-juarez","tag-carrerra"],"_links":{"self":[{"href":"https:\/\/lineadeportiva.mx\/ld2026\/wp-json\/wp\/v2\/posts\/1197","targetHints":{"allow":["GET"]}}],"collection":[{"href":"https:\/\/lineadeportiva.mx\/ld2026\/wp-json\/wp\/v2\/posts"}],"about":[{"href":"https:\/\/lineadeportiva.mx\/ld2026\/wp-json\/wp\/v2\/types\/post"}],"author":[{"embeddable":true,"href":"https:\/\/lineadeportiva.mx\/ld2026\/wp-json\/wp\/v2\/users\/1"}],"replies":[{"embeddable":true,"href":"https:\/\/lineadeportiva.mx\/ld2026\/wp-json\/wp\/v2\/comments?post=1197"}],"version-history":[{"count":1,"href":"https:\/\/lineadeportiva.mx\/ld2026\/wp-json\/wp\/v2\/posts\/1197\/revisions"}],"predecessor-version":[{"id":1199,"href":"https:\/\/lineadeportiva.mx\/ld2026\/wp-json\/wp\/v2\/posts\/1197\/revisions\/1199"}],"wp:featuredmedia":[{"embeddable":true,"href":"https:\/\/lineadeportiva.mx\/ld2026\/wp-json\/wp\/v2\/media\/1198"}],"wp:attachment":[{"href":"https:\/\/lineadeportiva.mx\/ld2026\/wp-json\/wp\/v2\/media?parent=1197"}],"wp:term":[{"taxonomy":"category","embeddable":true,"href":"https:\/\/lineadeportiva.mx\/ld2026\/wp-json\/wp\/v2\/categories?post=1197"},{"taxonomy":"post_tag","embeddable":true,"href":"https:\/\/lineadeportiva.mx\/ld2026\/wp-json\/wp\/v2\/tags?post=1197"}],"curies":[{"name":"wp","href":"https:\/\/api.w.org\/{rel}","templated":true}]}}