{"id":1200,"date":"2026-03-09T08:05:03","date_gmt":"2026-03-09T15:05:03","guid":{"rendered":"https:\/\/lineadeportiva.mx\/ld2026\/?p=1200"},"modified":"2026-03-09T08:05:05","modified_gmt":"2026-03-09T15:05:05","slug":"la-uach-da-la-cara-en-ciudad-juarez-y-asegura-boletos","status":"publish","type":"post","link":"https:\/\/lineadeportiva.mx\/ld2026\/2026\/03\/09\/la-uach-da-la-cara-en-ciudad-juarez-y-asegura-boletos\/","title":{"rendered":"La UACh da la cara en Ciudad Ju\u00e1rez y asegura boletos"},"content":{"rendered":"\n<p>La Universidad Aut\u00f3noma de Chihuahua comenz\u00f3 con intensidad, entrega y orgullo su participaci\u00f3n en la <strong>Universiada Estatal del Condde 2026<\/strong>, dentro del primer bloque de disciplinas celebrado este fin de semana en <strong>Ciudad Ju\u00e1rez<\/strong>, donde sus representantes vieron acci\u00f3n en <strong>ajedrez, atletismo y judo<\/strong>, dejando actuaciones destacadas y boletos asegurados rumbo a la siguiente fase.<\/p>\n\n\n\n<p>En el llamado <strong>deporte ciencia<\/strong>, la UACh movi\u00f3 sus piezas con precisi\u00f3n y talento en las aulas del edificio del <strong>Instituto de Ciencias Biom\u00e9dicas de la UACJ<\/strong>, escenario donde <strong>Alessandra Flores<\/strong> y <strong>Keneth Porras<\/strong> lograron su clasificaci\u00f3n a la etapa regional, sum\u00e1ndose as\u00ed a los ajedrecistas que ya se encontraban sembrados. Con ello, la delegaci\u00f3n chihuahuense fortalece su presencia para la siguiente parada, que se celebrar\u00e1 en la ciudad de Chihuahua el pr\u00f3ximo mes de abril.<\/p>\n\n\n\n<p>En el <strong>judo<\/strong>, la Aut\u00f3noma de Chihuahua tambi\u00e9n mostr\u00f3 car\u00e1cter sobre el tatami del <strong>Gimnasio Azul del Complejo Deportivo Universitario de la UACJ<\/strong>. Ah\u00ed, <strong>Laila Cerrillo<\/strong>, en la divisi\u00f3n de hasta <strong>57 kilogramos<\/strong>, y <strong>Dami\u00e1n Villezcas<\/strong> enfrentaron una exigente serie ante los anfitriones juarenses en un formato de dos de tres combates. Aunque en esta ocasi\u00f3n la balanza se inclin\u00f3 a favor de los locales, los representantes de la UACh dejaron muestra de su entrega en una disciplina que exige temple, fuerza y determinaci\u00f3n.<\/p>\n\n\n\n<p>Donde la actividad fue m\u00e1s amplia fue en el <strong>atletismo<\/strong>, disputado en dos jornadas dentro de la pista del <strong>Estadio Ol\u00edmpico Benito Ju\u00e1rez<\/strong>, escenario donde once atletas de la UACh salieron a competir en pruebas de velocidad y fondo, demostrando el esp\u00edritu combativo de la instituci\u00f3n.<\/p>\n\n\n\n<p>En los <strong>100 metros planos femenil<\/strong>, <strong>Regina Barrios<\/strong> finaliz\u00f3 en la cuarta posici\u00f3n, mientras que en la rama varonil <strong>Jos\u00e9 Torres<\/strong> subi\u00f3 al tercer puesto y <strong>Gian Pierre Geraldo<\/strong> concluy\u00f3 cuarto. En los <strong>200 metros femenil<\/strong>, <strong>Jennifer L\u00f3pez<\/strong> se qued\u00f3 con la cuarta posici\u00f3n y <strong>Erika Rosando<\/strong> termin\u00f3 en sexto lugar. En la misma distancia, pero en la rama varonil, <strong>Jos\u00e9 Torres<\/strong> volvi\u00f3 a figurar con un cuarto sitio y <strong>Gerardo Ortega<\/strong> cerr\u00f3 en la quinta posici\u00f3n.<\/p>\n\n\n\n<p>En los <strong>400 metros varonil<\/strong>, <strong>Gerardo Ortega<\/strong> termin\u00f3 en el quinto lugar, mientras que en los <strong>1500 metros planos femenil<\/strong> llegaron dos de los mejores resultados para la UACh, con <strong>Citlali Cano<\/strong> y <strong>Devany Moreno<\/strong> firmando el <strong>2-2<\/strong> para la causa universitaria. En la rama varonil de esa misma prueba, <strong>David Olvera<\/strong> y <strong>Aidan Ruiz<\/strong> finalizaron en quinto y sexto lugar, respectivamente.<\/p>\n\n\n\n<p>La lucha continu\u00f3 en los <strong>800 metros planos<\/strong>, donde <strong>David Olvera<\/strong> logr\u00f3 quedarse con el tercer puesto y <strong>Pedro Loera<\/strong> concluy\u00f3 en la cuarta posici\u00f3n. Finalmente, en una de las pruebas de mayor resistencia, los <strong>10 mil metros planos<\/strong>, <strong>Emilio Granados<\/strong> cerr\u00f3 su participaci\u00f3n con un meritorio cuarto lugar.<\/p>\n\n\n\n<p>Con este arranque, la <strong>UACh<\/strong> dej\u00f3 claro que est\u00e1 lista para competir con fuerza en cada escenario de la Universiada Estatal. El siguiente reto ya est\u00e1 en puerta, pues el pr\u00f3ximo fin de semana se disputar\u00e1 en Ciudad Ju\u00e1rez la <strong>segunda etapa<\/strong>, donde la universidad buscar\u00e1 seguir levantando la mano en disciplinas individuales como <strong>box, karate do, tenis y taekwondo<\/strong>.<\/p>\n\n\n\n<p>La batalla universitaria apenas comienza, y la Aut\u00f3noma de Chihuahua ya empez\u00f3 a escribir su historia con garra, talento y ambici\u00f3n.<\/p>\n\n\n\n<p>Si quieres, te la adapto tambi\u00e9n en versi\u00f3n <strong>m\u00e1s corta para Facebook<\/strong> o con <strong>t\u00edtulo, bajada y formato de portal deportivo<\/strong>.<\/p>\n","protected":false},"excerpt":{"rendered":"<p>La Universidad Aut\u00f3noma de Chihuahua comenz\u00f3 con intensidad, entrega y orgullo su participaci\u00f3n en la Universiada Estatal del Condde 2026, dentro del primer bloque de disciplinas celebrado este fin de semana en Ciudad Ju\u00e1rez, donde sus representantes vieron acci\u00f3n en ajedrez, atletismo y judo, dejando actuaciones destacadas y boletos asegurados rumbo a la siguiente fase. [&hellip;]<\/p>\n","protected":false},"author":1,"featured_media":1201,"comment_status":"open","ping_status":"closed","sticky":false,"template":"","format":"standard","meta":{"footnotes":""},"categories":[108],"tags":[264],"class_list":["post-1200","post","type-post","status-publish","format-standard","has-post-thumbnail","hentry","category-estatal","tag-universiada"],"_links":{"self":[{"href":"https:\/\/lineadeportiva.mx\/ld2026\/wp-json\/wp\/v2\/posts\/1200","targetHints":{"allow":["GET"]}}],"collection":[{"href":"https:\/\/lineadeportiva.mx\/ld2026\/wp-json\/wp\/v2\/posts"}],"about":[{"href":"https:\/\/lineadeportiva.mx\/ld2026\/wp-json\/wp\/v2\/types\/post"}],"author":[{"embeddable":true,"href":"https:\/\/lineadeportiva.mx\/ld2026\/wp-json\/wp\/v2\/users\/1"}],"replies":[{"embeddable":true,"href":"https:\/\/lineadeportiva.mx\/ld2026\/wp-json\/wp\/v2\/comments?post=1200"}],"version-history":[{"count":1,"href":"https:\/\/lineadeportiva.mx\/ld2026\/wp-json\/wp\/v2\/posts\/1200\/revisions"}],"predecessor-version":[{"id":1202,"href":"https:\/\/lineadeportiva.mx\/ld2026\/wp-json\/wp\/v2\/posts\/1200\/revisions\/1202"}],"wp:featuredmedia":[{"embeddable":true,"href":"https:\/\/lineadeportiva.mx\/ld2026\/wp-json\/wp\/v2\/media\/1201"}],"wp:attachment":[{"href":"https:\/\/lineadeportiva.mx\/ld2026\/wp-json\/wp\/v2\/media?parent=1200"}],"wp:term":[{"taxonomy":"category","embeddable":true,"href":"https:\/\/lineadeportiva.mx\/ld2026\/wp-json\/wp\/v2\/categories?post=1200"},{"taxonomy":"post_tag","embeddable":true,"href":"https:\/\/lineadeportiva.mx\/ld2026\/wp-json\/wp\/v2\/tags?post=1200"}],"curies":[{"name":"wp","href":"https:\/\/api.w.org\/{rel}","templated":true}]}}