{"id":1216,"date":"2026-03-09T19:43:53","date_gmt":"2026-03-10T02:43:53","guid":{"rendered":"https:\/\/lineadeportiva.mx\/ld2026\/?p=1216"},"modified":"2026-03-09T19:43:53","modified_gmt":"2026-03-10T02:43:53","slug":"isaac-del-toro-inicia-fuerte-la-tirreno-adriatico-2026","status":"publish","type":"post","link":"https:\/\/lineadeportiva.mx\/ld2026\/2026\/03\/09\/isaac-del-toro-inicia-fuerte-la-tirreno-adriatico-2026\/","title":{"rendered":"Isaac del Toro inicia fuerte la Tirreno-Adri\u00e1tico 2026"},"content":{"rendered":"\n<p>El ciclista mexicano <strong>Isaac del Toro<\/strong> tuvo un s\u00f3lido arranque en la <strong>Tirreno-Adri\u00e1tico 2026<\/strong> al ubicarse dentro del <strong>top 10 de la clasificaci\u00f3n<\/strong> tras completar la primera etapa con un tiempo de <strong>12:44 minutos<\/strong>.<\/p>\n\n\n\n<p>La jornada inaugural consisti\u00f3 en una <strong>contrarreloj individual de 11.5 kil\u00f3metros<\/strong> con salida en <strong>Lido di Camaiore<\/strong>, un recorrido completamente llano que abri\u00f3 la competencia con un escenario espectacular en la cl\u00e1sica italiana.<\/p>\n\n\n\n<p>El mejor tiempo del d\u00eda fue para el italiano <strong>Filippo Ganna<\/strong>, quien se qued\u00f3 con el liderato de la carrera y la <strong>maglia azzurra<\/strong> al registrar <strong>12:08 minutos<\/strong>.<\/p>\n\n\n\n<h2 class=\"wp-block-heading\"><strong>Un buen inicio para el mexicano<\/strong><\/h2>\n\n\n\n<p>Del Toro tom\u00f3 la salida despu\u00e9s de la primera hora de competencia, cuando a\u00fan quedaban m\u00e1s de <strong>90 ciclistas por recorrer el trazado<\/strong>, situaci\u00f3n que pudo influir en su desempe\u00f1o al no contar con referencias claras de los tiempos que marcar\u00edan sus principales rivales.<\/p>\n\n\n\n<p>Adem\u00e1s, el terreno llano no es precisamente la especialidad del corredor mexicano. A pesar de ello, logr\u00f3 colocarse entre los <strong>diez mejores tiempos del d\u00eda<\/strong>, un resultado positivo para comenzar la carrera.<\/p>\n\n\n\n<h2 class=\"wp-block-heading\"><strong>Nueva responsabilidad en el UAE Team Emirates<\/strong><\/h2>\n\n\n\n<p>El joven pedalista llega a esta edici\u00f3n con un rol distinto dentro del <strong>UAE Team Emirates \u2013 XRG<\/strong>, ya que no tendr\u00e1 que trabajar como apoyo de <strong>Tadej Poga\u010dar<\/strong>, quien no participa en la competencia.<\/p>\n\n\n\n<p>Esta situaci\u00f3n le permite competir con mayor libertad y buscar resultados propios, en lo que representa <strong>su tercera carrera de la temporada 2026<\/strong>.<\/p>\n\n\n\n<h2 class=\"wp-block-heading\"><strong>Experiencia previa en la carrera<\/strong><\/h2>\n\n\n\n<p>Esta es la <strong>tercera participaci\u00f3n de Isaac del Toro<\/strong> en la Tirreno-Adri\u00e1tico. Hace dos a\u00f1os finaliz\u00f3 <strong>cuarto en la clasificaci\u00f3n general<\/strong> mientras apoyaba a <strong>Juan Ayuso<\/strong>, quien termin\u00f3 segundo. En <strong>2025<\/strong>, el mexicano concluy\u00f3 en la <strong>posici\u00f3n 19<\/strong>, en una edici\u00f3n donde Ayuso se llev\u00f3 el t\u00edtulo.<\/p>\n\n\n\n<p>Ahora, en <strong>2026<\/strong>, Del Toro llega como uno de los l\u00edderes del equipo, lo que podr\u00eda impulsar sus aspiraciones dentro de la prestigiosa carrera italiana.<\/p>\n\n\n\n<h2 class=\"wp-block-heading\"><strong>Clasificaci\u00f3n de la etapa 1 \u2013 Tirreno-Adri\u00e1tico 2026<\/strong><\/h2>\n\n\n\n<ol start=\"1\" class=\"wp-block-list\">\n<li><strong>Filippo Ganna<\/strong> \u2013 INEOS Grenadiers \u2013 12:08<\/li>\n\n\n\n<li><strong>Thymen Arensman<\/strong> \u2013 INEOS Grenadiers \u2013 +0:22<\/li>\n\n\n\n<li><strong>Max Walscheid<\/strong> \u2013 Lidl-Trek \u2013 +0:26<\/li>\n\n\n\n<li><strong>Magnus Sheffield<\/strong> \u2013 INEOS Grenadiers \u2013 +0:26<\/li>\n\n\n\n<li><strong>Jonathan Milan<\/strong> \u2013 Lidl-Trek \u2013 +0:29<\/li>\n\n\n\n<li><strong>Alan Hatherly<\/strong> \u2013 Team Jayco AlUla \u2013 +0:30<\/li>\n\n\n\n<li><strong>Primo\u017e Rogli\u010d<\/strong> \u2013 Red Bull-BORA-hansgrohe \u2013 +0:31<\/li>\n\n\n\n<li><strong>Ethan Hayter<\/strong> \u2013 Soudal Quick-Step \u2013 +0:32<\/li>\n\n\n\n<li><strong>Antonio Tiberi<\/strong> \u2013 Bahrain-Victorious \u2013 +0:33<\/li>\n\n\n\n<li><strong>Isaac del Toro<\/strong> \u2013 UAE Team Emirates \u2013 XRG \u2013 +0:36<\/li>\n<\/ol>\n\n\n\n<h2 class=\"wp-block-heading\"><strong>Una segunda etapa exigente<\/strong><\/h2>\n\n\n\n<p>La segunda jornada promete mayor dificultad para el pelot\u00f3n, especialmente en el tramo final donde los ciclistas deber\u00e1n superar <strong>un sector de sterrato de 5.3 kil\u00f3metros<\/strong>, en su mayor\u00eda en subida.<\/p>\n\n\n\n<p>La etapa concluir\u00e1 en <strong>San Gimignano<\/strong>, con una <strong>rampa final que alcanza pendientes de hasta el 15%<\/strong>, un cierre que podr\u00eda marcar diferencias importantes entre los favoritos de la carrera.<\/p>\n","protected":false},"excerpt":{"rendered":"<p>El ciclista mexicano Isaac del Toro tuvo un s\u00f3lido arranque en la Tirreno-Adri\u00e1tico 2026 al ubicarse dentro del top 10 de la clasificaci\u00f3n tras completar la primera etapa con un tiempo de 12:44 minutos. La jornada inaugural consisti\u00f3 en una contrarreloj individual de 11.5 kil\u00f3metros con salida en Lido di Camaiore, un recorrido completamente llano [&hellip;]<\/p>\n","protected":false},"author":1,"featured_media":1217,"comment_status":"open","ping_status":"closed","sticky":false,"template":"","format":"standard","meta":{"footnotes":""},"categories":[110],"tags":[212,127,213],"class_list":["post-1216","post","type-post","status-publish","format-standard","has-post-thumbnail","hentry","category-internacional","tag-ciclismo","tag-principal","tag-torito"],"_links":{"self":[{"href":"https:\/\/lineadeportiva.mx\/ld2026\/wp-json\/wp\/v2\/posts\/1216","targetHints":{"allow":["GET"]}}],"collection":[{"href":"https:\/\/lineadeportiva.mx\/ld2026\/wp-json\/wp\/v2\/posts"}],"about":[{"href":"https:\/\/lineadeportiva.mx\/ld2026\/wp-json\/wp\/v2\/types\/post"}],"author":[{"embeddable":true,"href":"https:\/\/lineadeportiva.mx\/ld2026\/wp-json\/wp\/v2\/users\/1"}],"replies":[{"embeddable":true,"href":"https:\/\/lineadeportiva.mx\/ld2026\/wp-json\/wp\/v2\/comments?post=1216"}],"version-history":[{"count":1,"href":"https:\/\/lineadeportiva.mx\/ld2026\/wp-json\/wp\/v2\/posts\/1216\/revisions"}],"predecessor-version":[{"id":1218,"href":"https:\/\/lineadeportiva.mx\/ld2026\/wp-json\/wp\/v2\/posts\/1216\/revisions\/1218"}],"wp:featuredmedia":[{"embeddable":true,"href":"https:\/\/lineadeportiva.mx\/ld2026\/wp-json\/wp\/v2\/media\/1217"}],"wp:attachment":[{"href":"https:\/\/lineadeportiva.mx\/ld2026\/wp-json\/wp\/v2\/media?parent=1216"}],"wp:term":[{"taxonomy":"category","embeddable":true,"href":"https:\/\/lineadeportiva.mx\/ld2026\/wp-json\/wp\/v2\/categories?post=1216"},{"taxonomy":"post_tag","embeddable":true,"href":"https:\/\/lineadeportiva.mx\/ld2026\/wp-json\/wp\/v2\/tags?post=1216"}],"curies":[{"name":"wp","href":"https:\/\/api.w.org\/{rel}","templated":true}]}}