{"id":1222,"date":"2026-03-09T19:49:43","date_gmt":"2026-03-10T02:49:43","guid":{"rendered":"https:\/\/lineadeportiva.mx\/ld2026\/?p=1222"},"modified":"2026-03-09T19:49:44","modified_gmt":"2026-03-10T02:49:44","slug":"diana-la-bonita-fernandez-defendera-su-titulo-mundial-en-el-neri-santos","status":"publish","type":"post","link":"https:\/\/lineadeportiva.mx\/ld2026\/2026\/03\/09\/diana-la-bonita-fernandez-defendera-su-titulo-mundial-en-el-neri-santos\/","title":{"rendered":"Diana \u201cLa Bonita\u201d Fern\u00e1ndez defender\u00e1 su t\u00edtulo mundial en el Neri Santos"},"content":{"rendered":"\n<p>La campeona mundial <strong>Silver del Consejo Mundial de Boxeo (WBC)<\/strong>, <strong>Diana \u201cLa Bonita\u201d Fern\u00e1ndez<\/strong>, realizar\u00e1 la <strong>primera defensa de su t\u00edtulo<\/strong> el pr\u00f3ximo <strong>14 de marzo<\/strong> en el <strong>Gimnasio Municipal Josu\u00e9 Neri Santos<\/strong>, en una funci\u00f3n internacional de boxeo que promete reunir a la afici\u00f3n juarense en una noche de alto nivel deportivo.<\/p>\n\n\n\n<p>El anuncio oficial se realiz\u00f3 durante la conferencia <strong>\u201cLa Semanera\u201d<\/strong>, encabezada por el <strong>Presidente Municipal Cruz P\u00e9rez Cu\u00e9llar<\/strong>, donde se dieron a conocer los detalles de la cartelera que tendr\u00e1 como combate estelar a la pugilista fronteriza enfrentando a la experimentada boxeadora japonesa <strong>Tenkai Tsunami<\/strong>.<\/p>\n\n\n\n<h2 class=\"wp-block-heading\"><strong>Impulso al deporte en Ciudad Ju\u00e1rez<\/strong><\/h2>\n\n\n\n<p>Durante la presentaci\u00f3n del evento, el director del <strong>Instituto Municipal del Deporte y Cultura F\u00edsica de Ju\u00e1rez (IMDEJ)<\/strong>, <strong>Juan Carlos Escalante<\/strong>, resalt\u00f3 la importancia de seguir impulsando espect\u00e1culos deportivos de gran nivel en la ciudad.<\/p>\n\n\n\n<p>\u201cQuiero aprovechar tambi\u00e9n para agradecer al Presidente Municipal, Cruz P\u00e9rez Cu\u00e9llar, por su respaldo permanente al deporte en nuestra ciudad. Gracias a ese apoyo es posible impulsar eventos de esta magnitud que fortalecen el desarrollo deportivo y proyectan a Ciudad Ju\u00e1rez a nivel nacional e internacional\u201d, se\u00f1al\u00f3.<\/p>\n\n\n\n<h2 class=\"wp-block-heading\"><strong>Una campeona en gran momento<\/strong><\/h2>\n\n\n\n<p>Diana Fern\u00e1ndez, considerada una de las principales exponentes del <strong>boxeo femenil mexicano<\/strong> y orgullo deportivo de Ciudad Ju\u00e1rez, llegar\u00e1 a esta defensa con una destacada trayectoria reciente, manteni\u00e9ndose <strong>invicta durante los \u00faltimos cinco a\u00f1os<\/strong> y consolid\u00e1ndose como campeona mundial Silver del WBC en la <strong>divisi\u00f3n mosca<\/strong>.<\/p>\n\n\n\n<p>La propia \u201cBonita\u201d agradeci\u00f3 el respaldo recibido por parte del Gobierno Municipal y del Instituto del Deporte, adem\u00e1s de invitar a la afici\u00f3n fronteriza a acompa\u00f1arla en esta importante defensa.<\/p>\n\n\n\n<h2 class=\"wp-block-heading\"><strong>Cartelera con talento fronterizo<\/strong><\/h2>\n\n\n\n<p>La funci\u00f3n tambi\u00e9n contar\u00e1 con otros combates que prometen emociones para el p\u00fablico juarense. Entre ellos destaca el duelo del fronterizo <strong>Miguel \u201cFant\u00e1stico\u201d Esparza<\/strong>, quien se medir\u00e1 ante <strong>Bryan \u201cAzteca\u201d Rivera<\/strong>.<\/p>\n\n\n\n<p>Asimismo, el juarense <strong>Ram\u00f3n \u201cDonas\u201d Montes<\/strong> enfrentar\u00e1 a <strong>Heriberto \u201cViej\u00f3n\u201d Flores<\/strong> en otro de los combates programados.<\/p>\n\n\n\n<p>Como parte del espect\u00e1culo, tambi\u00e9n se realizar\u00e1 <strong>una pelea de exhibici\u00f3n<\/strong> entre los locutores e influencers <strong>Nicol\u00e1s D\u00edaz \u201cEl Pollito\u201d<\/strong> y <strong>Juan Jos\u00e9 \u201cJuanjo\u201d Luna<\/strong>, en un enfrentamiento que busca sumar entretenimiento a la velada.<\/p>\n\n\n\n<p>La funci\u00f3n del <strong>14 de marzo en el Neri Santos<\/strong> promete convertirse en una gran fiesta del boxeo en Ciudad Ju\u00e1rez, con la presencia de talento local y un combate estelar que pondr\u00e1 en juego un t\u00edtulo mundial.<\/p>\n","protected":false},"excerpt":{"rendered":"<p>La campeona mundial Silver del Consejo Mundial de Boxeo (WBC), Diana \u201cLa Bonita\u201d Fern\u00e1ndez, realizar\u00e1 la primera defensa de su t\u00edtulo el pr\u00f3ximo 14 de marzo en el Gimnasio Municipal Josu\u00e9 Neri Santos, en una funci\u00f3n internacional de boxeo que promete reunir a la afici\u00f3n juarense en una noche de alto nivel deportivo. El anuncio [&hellip;]<\/p>\n","protected":false},"author":1,"featured_media":1223,"comment_status":"open","ping_status":"closed","sticky":false,"template":"","format":"standard","meta":{"footnotes":""},"categories":[107],"tags":[161,268,269],"class_list":["post-1222","post","type-post","status-publish","format-standard","has-post-thumbnail","hentry","category-juarez","tag-box","tag-la-bonita","tag-wbc"],"_links":{"self":[{"href":"https:\/\/lineadeportiva.mx\/ld2026\/wp-json\/wp\/v2\/posts\/1222","targetHints":{"allow":["GET"]}}],"collection":[{"href":"https:\/\/lineadeportiva.mx\/ld2026\/wp-json\/wp\/v2\/posts"}],"about":[{"href":"https:\/\/lineadeportiva.mx\/ld2026\/wp-json\/wp\/v2\/types\/post"}],"author":[{"embeddable":true,"href":"https:\/\/lineadeportiva.mx\/ld2026\/wp-json\/wp\/v2\/users\/1"}],"replies":[{"embeddable":true,"href":"https:\/\/lineadeportiva.mx\/ld2026\/wp-json\/wp\/v2\/comments?post=1222"}],"version-history":[{"count":1,"href":"https:\/\/lineadeportiva.mx\/ld2026\/wp-json\/wp\/v2\/posts\/1222\/revisions"}],"predecessor-version":[{"id":1224,"href":"https:\/\/lineadeportiva.mx\/ld2026\/wp-json\/wp\/v2\/posts\/1222\/revisions\/1224"}],"wp:featuredmedia":[{"embeddable":true,"href":"https:\/\/lineadeportiva.mx\/ld2026\/wp-json\/wp\/v2\/media\/1223"}],"wp:attachment":[{"href":"https:\/\/lineadeportiva.mx\/ld2026\/wp-json\/wp\/v2\/media?parent=1222"}],"wp:term":[{"taxonomy":"category","embeddable":true,"href":"https:\/\/lineadeportiva.mx\/ld2026\/wp-json\/wp\/v2\/categories?post=1222"},{"taxonomy":"post_tag","embeddable":true,"href":"https:\/\/lineadeportiva.mx\/ld2026\/wp-json\/wp\/v2\/tags?post=1222"}],"curies":[{"name":"wp","href":"https:\/\/api.w.org\/{rel}","templated":true}]}}