{"id":1240,"date":"2026-03-11T19:46:45","date_gmt":"2026-03-12T02:46:45","guid":{"rendered":"https:\/\/lineadeportiva.mx\/ld2026\/?p=1240"},"modified":"2026-03-11T19:46:45","modified_gmt":"2026-03-12T02:46:45","slug":"isaac-del-toro-mantiene-el-liderato-en-la-tirreno-adriatico-2026","status":"publish","type":"post","link":"https:\/\/lineadeportiva.mx\/ld2026\/2026\/03\/11\/isaac-del-toro-mantiene-el-liderato-en-la-tirreno-adriatico-2026\/","title":{"rendered":"Isaac del Toro mantiene el liderato en la Tirreno-Adri\u00e1tico 2026"},"content":{"rendered":"\n<p>El ciclista mexicano <strong>Isaac del Toro<\/strong> contin\u00faa firmando una destacada actuaci\u00f3n en la <strong>Tirreno-Adri\u00e1tico 2026<\/strong>, al conservar la <strong>Maglia Azzurra<\/strong> de l\u00edder tras disputarse la <strong>tercera etapa<\/strong> de la competencia, una jornada de 221 kil\u00f3metros entre <strong>Cortona y Magliano de\u2019 Marsi<\/strong>.<\/p>\n\n\n\n<p>La etapa, una de las m\u00e1s largas de la presente edici\u00f3n, estuvo dise\u00f1ada principalmente para velocistas, ya que el recorrido no presentaba ascensos decisivos que pudieran romper el pelot\u00f3n. A pesar de las <strong>condiciones lluviosas<\/strong> que aparecieron alrededor del kil\u00f3metro 105, el grupo principal se mantuvo compacto durante casi toda la jornada.<\/p>\n\n\n\n<p>Del Toro mostr\u00f3 una gran inteligencia de carrera al mantenerse siempre <strong>bien posicionado dentro del pelot\u00f3n<\/strong>, evitando cortes que pudieran costarle segundos valiosos en la clasificaci\u00f3n general.<\/p>\n\n\n\n<p>En el sprint final, el dan\u00e9s <strong>Tobias Lund Andresen<\/strong> se llev\u00f3 la victoria de etapa al imponerse ante rivales de peso como <strong>Arnaud De Lie<\/strong> y <strong>Jasper Philipsen<\/strong>. Aunque el mexicano no disput\u00f3 la llegada, s\u00ed logr\u00f3 sumar <strong>un segundo de bonificaci\u00f3n<\/strong> al finalizar tercero en el sprint especial, por detr\u00e1s de <strong>Danny Van Poppel<\/strong> y <strong>Andrea Vendrame<\/strong>.<\/p>\n\n\n\n<p>Gracias a ese peque\u00f1o margen, Del Toro <strong>ampli\u00f3 ligeramente su ventaja en la clasificaci\u00f3n general<\/strong>, coloc\u00e1ndose <strong>tres segundos por delante de Giulio Pellizzari<\/strong>, su perseguidor m\u00e1s cercano.<\/p>\n\n\n\n<p>A pesar de que el terreno no le favorec\u00eda para marcar diferencias importantes, el corredor del <strong>UAE Team Emirates<\/strong> supo resistir la presi\u00f3n del pelot\u00f3n y consolidar su liderato.<\/p>\n\n\n\n<h3 class=\"wp-block-heading\"><strong>Clasificaci\u00f3n general tras la etapa 3<\/strong><\/h3>\n\n\n\n<ol start=\"1\" class=\"wp-block-list\">\n<li><strong>Isaac Del Toro<\/strong> (UAD) \u2013 10:35:22<\/li>\n\n\n\n<li><strong>Giulio Pellizzari<\/strong> (BHO) \u2013 +0:03<\/li>\n\n\n\n<li><strong>Magnus Sheffield<\/strong> (IGD) \u2013 +0:18<\/li>\n\n\n\n<li><strong>Alan Hatherly<\/strong> (JAY) \u2013 +0:18<\/li>\n\n\n\n<li><strong>Primo\u017e Rogli\u010d<\/strong> (JAY) \u2013 +0:19<\/li>\n\n\n\n<li><strong>Antonio Tiberi<\/strong> (TBV) \u2013 +0:22<\/li>\n\n\n\n<li><strong>Matteo Jorgenson<\/strong> (TBV) \u2013 +0:31<\/li>\n\n\n\n<li><strong>Filippo Ganna<\/strong> (IGD) \u2013 +0:35<\/li>\n\n\n\n<li><strong>Javier Romo<\/strong> (MOV) \u2013 +0:36<\/li>\n\n\n\n<li><strong>Ben Healy<\/strong> (EF) \u2013 +0:37<\/li>\n<\/ol>\n\n\n\n<p>Con tres etapas disputadas, la carrera italiana se mantiene <strong>muy cerrada<\/strong>, y las pr\u00f3ximas jornadas de monta\u00f1a podr\u00edan ser decisivas para definir al campe\u00f3n. Mientras tanto, <strong>Isaac del Toro sigue demostrando madurez y fortaleza<\/strong>, manteni\u00e9ndose firme en el liderato de una de las competencias m\u00e1s importantes del calendario ciclista internacional.<\/p>\n","protected":false},"excerpt":{"rendered":"<p>El ciclista mexicano Isaac del Toro contin\u00faa firmando una destacada actuaci\u00f3n en la Tirreno-Adri\u00e1tico 2026, al conservar la Maglia Azzurra de l\u00edder tras disputarse la tercera etapa de la competencia, una jornada de 221 kil\u00f3metros entre Cortona y Magliano de\u2019 Marsi. La etapa, una de las m\u00e1s largas de la presente edici\u00f3n, estuvo dise\u00f1ada principalmente [&hellip;]<\/p>\n","protected":false},"author":1,"featured_media":1241,"comment_status":"open","ping_status":"closed","sticky":false,"template":"","format":"standard","meta":{"footnotes":""},"categories":[110],"tags":[212,127,213],"class_list":["post-1240","post","type-post","status-publish","format-standard","has-post-thumbnail","hentry","category-internacional","tag-ciclismo","tag-principal","tag-torito"],"_links":{"self":[{"href":"https:\/\/lineadeportiva.mx\/ld2026\/wp-json\/wp\/v2\/posts\/1240","targetHints":{"allow":["GET"]}}],"collection":[{"href":"https:\/\/lineadeportiva.mx\/ld2026\/wp-json\/wp\/v2\/posts"}],"about":[{"href":"https:\/\/lineadeportiva.mx\/ld2026\/wp-json\/wp\/v2\/types\/post"}],"author":[{"embeddable":true,"href":"https:\/\/lineadeportiva.mx\/ld2026\/wp-json\/wp\/v2\/users\/1"}],"replies":[{"embeddable":true,"href":"https:\/\/lineadeportiva.mx\/ld2026\/wp-json\/wp\/v2\/comments?post=1240"}],"version-history":[{"count":1,"href":"https:\/\/lineadeportiva.mx\/ld2026\/wp-json\/wp\/v2\/posts\/1240\/revisions"}],"predecessor-version":[{"id":1242,"href":"https:\/\/lineadeportiva.mx\/ld2026\/wp-json\/wp\/v2\/posts\/1240\/revisions\/1242"}],"wp:featuredmedia":[{"embeddable":true,"href":"https:\/\/lineadeportiva.mx\/ld2026\/wp-json\/wp\/v2\/media\/1241"}],"wp:attachment":[{"href":"https:\/\/lineadeportiva.mx\/ld2026\/wp-json\/wp\/v2\/media?parent=1240"}],"wp:term":[{"taxonomy":"category","embeddable":true,"href":"https:\/\/lineadeportiva.mx\/ld2026\/wp-json\/wp\/v2\/categories?post=1240"},{"taxonomy":"post_tag","embeddable":true,"href":"https:\/\/lineadeportiva.mx\/ld2026\/wp-json\/wp\/v2\/tags?post=1240"}],"curies":[{"name":"wp","href":"https:\/\/api.w.org\/{rel}","templated":true}]}}