{"id":1246,"date":"2026-03-11T19:57:04","date_gmt":"2026-03-12T02:57:04","guid":{"rendered":"https:\/\/lineadeportiva.mx\/ld2026\/?p=1246"},"modified":"2026-03-11T19:57:05","modified_gmt":"2026-03-12T02:57:05","slug":"brandon-farfan-buscara-destacar-en-torneo-internacional-de-boxeo-en-morelia","status":"publish","type":"post","link":"https:\/\/lineadeportiva.mx\/ld2026\/2026\/03\/11\/brandon-farfan-buscara-destacar-en-torneo-internacional-de-boxeo-en-morelia\/","title":{"rendered":"Brandon Farf\u00e1n buscar\u00e1 destacar en torneo internacional de boxeo en Morelia"},"content":{"rendered":"\n<p>El boxeador juarense <strong>Brandon Farf\u00e1n Mar\u00edn<\/strong> se prepara para afrontar uno de los retos m\u00e1s importantes de su carrera amateur cuando viaje a <strong>Morelia, Michoac\u00e1n<\/strong>, para participar en un <strong>torneo internacional de boxeo que se celebrar\u00e1 del 22 al 24 de abril<\/strong>.<\/p>\n\n\n\n<p>El pugilista fronterizo se\u00f1al\u00f3 que el evento se desarrollar\u00e1 durante <strong>tres d\u00edas de competencia<\/strong>, por lo que dependiendo del n\u00famero de participantes podr\u00eda llegar a disputar <strong>hasta dos peleas en un mismo d\u00eda<\/strong> en su camino hacia la final.<\/p>\n\n\n\n<p>\u201cVan a ser tres d\u00edas de pelea y dependiendo de cu\u00e1ntos peleadores haya son las veces que me va a tocar pelear, incluso podr\u00eda pelear dos veces el mismo d\u00eda, pero vamos con todo para llegar a la final\u201d, coment\u00f3 Farf\u00e1n.<\/p>\n\n\n\n<h2 class=\"wp-block-heading\"><strong>Un inicio impulsado por amigos<\/strong><\/h2>\n\n\n\n<p>Brandon relat\u00f3 que su historia dentro del boxeo comenz\u00f3 cuando algunos amigos lo invitaron a entrenar en un gimnasio, experiencia que despert\u00f3 r\u00e1pidamente su inter\u00e9s por el deporte.<\/p>\n\n\n\n<p>\u201cTodo inici\u00f3 con unos amigos que vieron un club de boxeo. Fuimos a entrenar y me gust\u00f3 mucho el deporte. Desde chico me ha gustado hacer ejercicio. Despu\u00e9s me sal\u00ed un tiempo, pero regres\u00e9 y decid\u00ed tom\u00e1rmelo m\u00e1s en serio\u201d, explic\u00f3.<\/p>\n\n\n\n<p>El boxeador comenz\u00f3 a entrenar alrededor de los <strong>13 a\u00f1os<\/strong>, y actualmente, con <strong>22 a\u00f1os de edad<\/strong>, contin\u00faa trabajando para consolidar su carrera.<\/p>\n\n\n\n<h2 class=\"wp-block-heading\"><strong>R\u00e9cord positivo en el amateur<\/strong><\/h2>\n\n\n\n<p>Hasta el momento, Farf\u00e1n cuenta con <strong>siete peleas como amateur<\/strong>, con <strong>cinco victorias y dos derrotas<\/strong>, incluyendo <strong>un triunfo por nocaut<\/strong>, resultado que refleja su estilo ofensivo sobre el ring.<\/p>\n\n\n\n<p>\u201cMi golpe favorito es el gancho, con ese fue uno de los nocauts que tengo\u201d, se\u00f1al\u00f3.<\/p>\n\n\n\n<h2 class=\"wp-block-heading\"><strong>Campeonatos que impulsan su carrera<\/strong><\/h2>\n\n\n\n<p>Entre sus logros recientes destacan <strong>dos campeonatos obtenidos en torneos amateur<\/strong>. Uno de ellos en <strong>Obreg\u00f3n, Sonora<\/strong>, y otro conseguido en <strong>Ciudad Ju\u00e1rez<\/strong> durante el torneo organizado por <strong>Humberto \u201cLa Zorrita\u201d Soto<\/strong>, donde logr\u00f3 ganar gracias a un contundente nocaut.<\/p>\n\n\n\n<p>Estos resultados le permitieron llamar la atenci\u00f3n de los organizadores del torneo internacional.<\/p>\n\n\n\n<p>\u201cPrimero fue en algunos torneos donde me observaron, despu\u00e9s tuve la oportunidad de pelear en Sonora. Luego ganamos un torneo aqu\u00ed en Ju\u00e1rez y gracias a eso me invitaron al torneo internacional\u201d, explic\u00f3.<\/p>\n\n\n\n<h2 class=\"wp-block-heading\"><strong>Sue\u00f1o profesional<\/strong><\/h2>\n\n\n\n<p>Brandon Farf\u00e1n tiene claro su objetivo dentro del boxeo: <strong>llegar al profesionalismo y competir a gran nivel<\/strong>.<\/p>\n\n\n\n<p>\u201cYo me veo en el boxeo profesional, voy para lo grande. No me quiero quedar aqu\u00ed, quiero avanzar mucho\u201d, afirm\u00f3.<\/p>\n\n\n\n<p>Sobre su estilo en el ring, asegur\u00f3 que su mentalidad es siempre ofensiva.<\/p>\n\n\n\n<p>\u201cSiempre avanzar, nunca echarnos para atr\u00e1s\u201d.<\/p>\n\n\n\n<h2 class=\"wp-block-heading\"><strong>Trabajo y esfuerzo para cumplir el sue\u00f1o<\/strong><\/h2>\n\n\n\n<p>Adem\u00e1s de entrenar, el joven boxeador trabaja como <strong>barbero y tatuador<\/strong>, adem\u00e1s de realizar otros empleos para reunir recursos que le permitan seguir compitiendo.<\/p>\n\n\n\n<p>Actualmente labora en un negocio ubicado en <strong>Rafael Arrieta 2743<\/strong>, donde ofrece servicios de barber\u00eda, cortes modernos, faciales y promociones para clientes.<\/p>\n\n\n\n<p>El boxeador invit\u00f3 a la comunidad a apoyarlo para poder realizar su viaje a Morelia y continuar persiguiendo su sue\u00f1o en el boxeo.<\/p>\n\n\n\n<p>\u201cHay mucha dedicaci\u00f3n en esto y vamos con muchas ganas. Primero Dios vamos a salir campeones\u201d, concluy\u00f3.<\/p>\n","protected":false},"excerpt":{"rendered":"<p>El boxeador juarense Brandon Farf\u00e1n Mar\u00edn se prepara para afrontar uno de los retos m\u00e1s importantes de su carrera amateur cuando viaje a Morelia, Michoac\u00e1n, para participar en un torneo internacional de boxeo que se celebrar\u00e1 del 22 al 24 de abril. El pugilista fronterizo se\u00f1al\u00f3 que el evento se desarrollar\u00e1 durante tres d\u00edas de [&hellip;]<\/p>\n","protected":false},"author":1,"featured_media":1247,"comment_status":"open","ping_status":"closed","sticky":false,"template":"","format":"standard","meta":{"footnotes":""},"categories":[107],"tags":[161],"class_list":["post-1246","post","type-post","status-publish","format-standard","has-post-thumbnail","hentry","category-juarez","tag-box"],"_links":{"self":[{"href":"https:\/\/lineadeportiva.mx\/ld2026\/wp-json\/wp\/v2\/posts\/1246","targetHints":{"allow":["GET"]}}],"collection":[{"href":"https:\/\/lineadeportiva.mx\/ld2026\/wp-json\/wp\/v2\/posts"}],"about":[{"href":"https:\/\/lineadeportiva.mx\/ld2026\/wp-json\/wp\/v2\/types\/post"}],"author":[{"embeddable":true,"href":"https:\/\/lineadeportiva.mx\/ld2026\/wp-json\/wp\/v2\/users\/1"}],"replies":[{"embeddable":true,"href":"https:\/\/lineadeportiva.mx\/ld2026\/wp-json\/wp\/v2\/comments?post=1246"}],"version-history":[{"count":1,"href":"https:\/\/lineadeportiva.mx\/ld2026\/wp-json\/wp\/v2\/posts\/1246\/revisions"}],"predecessor-version":[{"id":1248,"href":"https:\/\/lineadeportiva.mx\/ld2026\/wp-json\/wp\/v2\/posts\/1246\/revisions\/1248"}],"wp:featuredmedia":[{"embeddable":true,"href":"https:\/\/lineadeportiva.mx\/ld2026\/wp-json\/wp\/v2\/media\/1247"}],"wp:attachment":[{"href":"https:\/\/lineadeportiva.mx\/ld2026\/wp-json\/wp\/v2\/media?parent=1246"}],"wp:term":[{"taxonomy":"category","embeddable":true,"href":"https:\/\/lineadeportiva.mx\/ld2026\/wp-json\/wp\/v2\/categories?post=1246"},{"taxonomy":"post_tag","embeddable":true,"href":"https:\/\/lineadeportiva.mx\/ld2026\/wp-json\/wp\/v2\/tags?post=1246"}],"curies":[{"name":"wp","href":"https:\/\/api.w.org\/{rel}","templated":true}]}}