{"id":1253,"date":"2026-03-11T20:11:44","date_gmt":"2026-03-12T03:11:44","guid":{"rendered":"https:\/\/lineadeportiva.mx\/ld2026\/?p=1253"},"modified":"2026-03-11T20:11:45","modified_gmt":"2026-03-12T03:11:45","slug":"ramon-el-donas-montes-peleara-en-casa-este-14-de-marzo","status":"publish","type":"post","link":"https:\/\/lineadeportiva.mx\/ld2026\/2026\/03\/11\/ramon-el-donas-montes-peleara-en-casa-este-14-de-marzo\/","title":{"rendered":"Ram\u00f3n \u201cEl Donas\u201d Montes pelear\u00e1 en casa este 14 de marzo"},"content":{"rendered":"\n<p>El boxeador juarense <strong>Ram\u00f3n \u201cEl Donas\u201d Montes<\/strong> se prepara para volver a subir al ring en su tierra cuando enfrente al experimentado <strong>Heriberto \u201cEl Viej\u00f3n\u201d Flores<\/strong> este <strong>14 de marzo<\/strong> en el <strong>Gimnasio Municipal Josu\u00e9 Neri Santos<\/strong>, dentro de una funci\u00f3n que reunir\u00e1 a destacados pugilistas.<\/p>\n\n\n\n<p>El peleador fronterizo llega motivado despu\u00e9s de una intensa etapa en su carrera que incluy\u00f3 participaci\u00f3n en el <strong>Grand Prix de boxeo en Arabia Saudita<\/strong>, donde consigui\u00f3 una victoria y sufri\u00f3 una derrota, experiencia que asegura le dej\u00f3 grandes ense\u00f1anzas.<\/p>\n\n\n\n<p>\u201cFuimos a Arabia Saudita y tuvimos una pelea ganada y una derrota. Despu\u00e9s regresamos a Ju\u00e1rez y tuvimos dos peleas m\u00e1s, una en el estadio de la UACJ y otra en Canc\u00fan como pelea estelar ante el \u2018Gallo Giro\u2019, donde terminamos con empate despu\u00e9s de una gran pelea\u201d, explic\u00f3 Montes.<\/p>\n\n\n\n<p>En ese combate, el juarense estuvo cerca del nocaut, pero su rival logr\u00f3 resistir hasta el final.<\/p>\n\n\n\n<p>\u201cLo tumb\u00e9 y estuve a punto de noquearlo, pero sobrevivi\u00f3. Ahora esperamos que el 14 de marzo no sea la misma historia y poder concretar el nocaut\u201d, se\u00f1al\u00f3.<\/p>\n\n\n\n<figure class=\"wp-block-image size-large\"><img loading=\"lazy\" decoding=\"async\" width=\"1024\" height=\"748\" src=\"https:\/\/lineadeportiva.mx\/ld2026\/wp-content\/uploads\/2026\/03\/WhatsApp-Image-2026-03-09-at-10.46.09-2-1024x748.jpeg\" alt=\"\" class=\"wp-image-1255\" srcset=\"https:\/\/lineadeportiva.mx\/ld2026\/wp-content\/uploads\/2026\/03\/WhatsApp-Image-2026-03-09-at-10.46.09-2-1024x748.jpeg 1024w, https:\/\/lineadeportiva.mx\/ld2026\/wp-content\/uploads\/2026\/03\/WhatsApp-Image-2026-03-09-at-10.46.09-2-300x219.jpeg 300w, https:\/\/lineadeportiva.mx\/ld2026\/wp-content\/uploads\/2026\/03\/WhatsApp-Image-2026-03-09-at-10.46.09-2-768x561.jpeg 768w, https:\/\/lineadeportiva.mx\/ld2026\/wp-content\/uploads\/2026\/03\/WhatsApp-Image-2026-03-09-at-10.46.09-2-1536x1121.jpeg 1536w, https:\/\/lineadeportiva.mx\/ld2026\/wp-content\/uploads\/2026\/03\/WhatsApp-Image-2026-03-09-at-10.46.09-2.jpeg 1600w\" sizes=\"auto, (max-width: 1024px) 100vw, 1024px\" \/><\/figure>\n\n\n\n<h2 class=\"wp-block-heading\"><strong>Rival con t\u00edtulos importantes<\/strong><\/h2>\n\n\n\n<p>Para esta funci\u00f3n, <strong>\u201cEl Donas\u201d<\/strong> enfrentar\u00e1 a <strong>Heriberto \u201cEl Viej\u00f3n\u201d Flores<\/strong>, un rival que tambi\u00e9n cuenta con experiencia y t\u00edtulos dentro del boxeo mexicano.<\/p>\n\n\n\n<p>\u201cEs un peleador muy bueno, trae t\u00edtulo de FECOMBOX y creo que tambi\u00e9n un plata mundial, as\u00ed que ser\u00e1 una pelea fuerte\u201d, coment\u00f3.<\/p>\n\n\n\n<h2 class=\"wp-block-heading\"><strong>Preparaci\u00f3n en la recta final<\/strong><\/h2>\n\n\n\n<p>Montes asegur\u00f3 que su preparaci\u00f3n se encuentra en la etapa final, afinando detalles f\u00edsicos y de velocidad de cara al combate.<\/p>\n\n\n\n<p>\u201cAhorita ya estamos cerrando la preparaci\u00f3n, vamos a trabajar velocidad aqu\u00ed en el estadio 20 de Noviembre y estamos pr\u00e1cticamente al cien por ciento\u201d, indic\u00f3.<\/p>\n\n\n\n<p>El boxeador contin\u00faa entrenando bajo la direcci\u00f3n de <strong>Edgar Garc\u00eda<\/strong> en el <strong>Polideportivo de Combate del estadio Ju\u00e1rez Vive<\/strong>.<\/p>\n\n\n\n<h2 class=\"wp-block-heading\"><strong>M\u00e1s de 15 a\u00f1os en el boxeo<\/strong><\/h2>\n\n\n\n<p>Con <strong>m\u00e1s de 15 a\u00f1os dentro del boxeo<\/strong>, Montes ha construido una carrera basada en disciplina y resistencia.<\/p>\n\n\n\n<p>\u201cMi estilo es presionar, presionar y seguir al rival. Venimos de la Ladrillera de Ju\u00e1rez y entrenamos fuerte, incluso corriendo en los cerros todos los d\u00edas\u201d, explic\u00f3.<\/p>\n\n\n\n<figure class=\"wp-block-image size-large\"><img loading=\"lazy\" decoding=\"async\" width=\"1024\" height=\"682\" src=\"https:\/\/lineadeportiva.mx\/ld2026\/wp-content\/uploads\/2026\/03\/WhatsApp-Image-2026-03-09-at-10.46.09-1-1024x682.jpeg\" alt=\"\" class=\"wp-image-1256\" srcset=\"https:\/\/lineadeportiva.mx\/ld2026\/wp-content\/uploads\/2026\/03\/WhatsApp-Image-2026-03-09-at-10.46.09-1-1024x682.jpeg 1024w, https:\/\/lineadeportiva.mx\/ld2026\/wp-content\/uploads\/2026\/03\/WhatsApp-Image-2026-03-09-at-10.46.09-1-300x200.jpeg 300w, https:\/\/lineadeportiva.mx\/ld2026\/wp-content\/uploads\/2026\/03\/WhatsApp-Image-2026-03-09-at-10.46.09-1-768x512.jpeg 768w, https:\/\/lineadeportiva.mx\/ld2026\/wp-content\/uploads\/2026\/03\/WhatsApp-Image-2026-03-09-at-10.46.09-1-1536x1023.jpeg 1536w, https:\/\/lineadeportiva.mx\/ld2026\/wp-content\/uploads\/2026\/03\/WhatsApp-Image-2026-03-09-at-10.46.09-1.jpeg 1600w\" sizes=\"auto, (max-width: 1024px) 100vw, 1024px\" \/><\/figure>\n\n\n\n<h2 class=\"wp-block-heading\"><strong>El origen del apodo \u201cEl Donas\u201d<\/strong><\/h2>\n\n\n\n<p>Adem\u00e1s de su carrera en el boxeo, Ram\u00f3n Montes contin\u00faa trabajando en la <strong>panader\u00eda familiar<\/strong>, de donde naci\u00f3 su apodo.<\/p>\n\n\n\n<p>\u201cLa panader\u00eda sigue firme con el Donas, es negocio familiar y de ah\u00ed viene el apodo\u201d, comparti\u00f3.<\/p>\n\n\n\n<p>Finalmente, el pugilista invit\u00f3 a la afici\u00f3n juarense a apoyarlo en esta importante pelea.<\/p>\n\n\n\n<p>\u201cTodos invitados este 14 de marzo al Josu\u00e9 Neri Santos. Que vaya todo Ju\u00e1rez a apoyarnos, somos juarenses y vamos a pelear contra alguien de fuera\u201d, concluy\u00f3.<\/p>\n","protected":false},"excerpt":{"rendered":"<p>El boxeador juarense Ram\u00f3n \u201cEl Donas\u201d Montes se prepara para volver a subir al ring en su tierra cuando enfrente al experimentado Heriberto \u201cEl Viej\u00f3n\u201d Flores este 14 de marzo en el Gimnasio Municipal Josu\u00e9 Neri Santos, dentro de una funci\u00f3n que reunir\u00e1 a destacados pugilistas. El peleador fronterizo llega motivado despu\u00e9s de una intensa [&hellip;]<\/p>\n","protected":false},"author":1,"featured_media":1254,"comment_status":"open","ping_status":"closed","sticky":false,"template":"","format":"standard","meta":{"footnotes":""},"categories":[107],"tags":[161],"class_list":["post-1253","post","type-post","status-publish","format-standard","has-post-thumbnail","hentry","category-juarez","tag-box"],"_links":{"self":[{"href":"https:\/\/lineadeportiva.mx\/ld2026\/wp-json\/wp\/v2\/posts\/1253","targetHints":{"allow":["GET"]}}],"collection":[{"href":"https:\/\/lineadeportiva.mx\/ld2026\/wp-json\/wp\/v2\/posts"}],"about":[{"href":"https:\/\/lineadeportiva.mx\/ld2026\/wp-json\/wp\/v2\/types\/post"}],"author":[{"embeddable":true,"href":"https:\/\/lineadeportiva.mx\/ld2026\/wp-json\/wp\/v2\/users\/1"}],"replies":[{"embeddable":true,"href":"https:\/\/lineadeportiva.mx\/ld2026\/wp-json\/wp\/v2\/comments?post=1253"}],"version-history":[{"count":1,"href":"https:\/\/lineadeportiva.mx\/ld2026\/wp-json\/wp\/v2\/posts\/1253\/revisions"}],"predecessor-version":[{"id":1257,"href":"https:\/\/lineadeportiva.mx\/ld2026\/wp-json\/wp\/v2\/posts\/1253\/revisions\/1257"}],"wp:featuredmedia":[{"embeddable":true,"href":"https:\/\/lineadeportiva.mx\/ld2026\/wp-json\/wp\/v2\/media\/1254"}],"wp:attachment":[{"href":"https:\/\/lineadeportiva.mx\/ld2026\/wp-json\/wp\/v2\/media?parent=1253"}],"wp:term":[{"taxonomy":"category","embeddable":true,"href":"https:\/\/lineadeportiva.mx\/ld2026\/wp-json\/wp\/v2\/categories?post=1253"},{"taxonomy":"post_tag","embeddable":true,"href":"https:\/\/lineadeportiva.mx\/ld2026\/wp-json\/wp\/v2\/tags?post=1253"}],"curies":[{"name":"wp","href":"https:\/\/api.w.org\/{rel}","templated":true}]}}