{"id":1273,"date":"2026-03-12T20:36:16","date_gmt":"2026-03-13T03:36:16","guid":{"rendered":"https:\/\/lineadeportiva.mx\/ld2026\/?p=1273"},"modified":"2026-03-12T20:36:17","modified_gmt":"2026-03-13T03:36:17","slug":"operacion-de-malagon-fue-un-exito-pero-se-pierde-el-mundial-2026","status":"publish","type":"post","link":"https:\/\/lineadeportiva.mx\/ld2026\/2026\/03\/12\/operacion-de-malagon-fue-un-exito-pero-se-pierde-el-mundial-2026\/","title":{"rendered":"Operaci\u00f3n de Malag\u00f3n fue un \u00e9xito, pero se pierde el Mundial 2026"},"content":{"rendered":"\n<p>El <strong>Club Am\u00e9rica<\/strong> confirm\u00f3 que la cirug\u00eda realizada al guardameta <strong>Luis \u00c1ngel Malag\u00f3n<\/strong> para reparar el tend\u00f3n de Aquiles fue <strong>exitosa<\/strong>, iniciando as\u00ed su proceso formal de recuperaci\u00f3n tras la lesi\u00f3n sufrida durante la <strong>Concacaf Champions Cup<\/strong>.<\/p>\n\n\n\n<p>A trav\u00e9s de un comunicado oficial, la instituci\u00f3n azulcrema inform\u00f3 que el arquero tendr\u00e1 un <strong>tiempo estimado de recuperaci\u00f3n de entre seis y ocho meses<\/strong>, lo que pr\u00e1cticamente confirma que <strong>no podr\u00e1 participar en el Mundial de 2026<\/strong>, que se disputar\u00e1 del <strong>11 de junio al 19 de julio<\/strong> en <strong>M\u00e9xico, Estados Unidos y Canad\u00e1<\/strong>.<\/p>\n\n\n\n<h2 class=\"wp-block-heading\"><strong>La lesi\u00f3n que encendi\u00f3 las alarmas<\/strong><\/h2>\n\n\n\n<p>El incidente ocurri\u00f3 durante el <strong>partido de ida de los octavos de final de la Concachampions ante el Philadelphia Union<\/strong>, cuando Malag\u00f3n tuvo que abandonar el terreno de juego tras resentirse dentro del \u00e1rea.<\/p>\n\n\n\n<p>La escena gener\u00f3 preocupaci\u00f3n inmediata tanto en el entorno del Am\u00e9rica como en la <strong>selecci\u00f3n mexicana<\/strong>, ya que el portero se perfilaba como una de las piezas importantes rumbo a la pr\u00f3xima Copa del Mundo.<\/p>\n\n\n\n<p>Horas despu\u00e9s se confirm\u00f3 el diagn\u00f3stico: <strong>ruptura del tend\u00f3n de Aquiles<\/strong>, una de las lesiones m\u00e1s complejas para un futbolista debido al largo proceso de rehabilitaci\u00f3n que exige.<\/p>\n\n\n\n<h2 class=\"wp-block-heading\"><strong>Largo proceso de recuperaci\u00f3n<\/strong><\/h2>\n\n\n\n<p>Con la operaci\u00f3n ya realizada, el escenario m\u00e1s optimista indica que Malag\u00f3n podr\u00eda <strong>regresar a las canchas alrededor de septiembre<\/strong>, cuando el <strong>Apertura 2026<\/strong> ya est\u00e9 en marcha.<\/p>\n\n\n\n<p>Sin embargo, el propio club ha se\u00f1alado que la recuperaci\u00f3n podr\u00eda extenderse hasta <strong>ocho meses<\/strong>, dependiendo de la evoluci\u00f3n del proceso de rehabilitaci\u00f3n.<\/p>\n\n\n\n<h2 class=\"wp-block-heading\"><strong>Mensaje alentador tras la cirug\u00eda<\/strong><\/h2>\n\n\n\n<p>Despu\u00e9s del procedimiento, el doctor <strong>Luis Arturo G\u00f3mez Carl\u00edn<\/strong>, del <strong>Hospital Medyarthros<\/strong>, comparti\u00f3 buenas noticias sobre la intervenci\u00f3n quir\u00fargica y public\u00f3 una imagen en redes sociales junto al portero americanista.<\/p>\n\n\n\n<p>Aunque el diagn\u00f3stico deja fuera a Malag\u00f3n del Mundial, el \u00e9xito de la cirug\u00eda abre el camino para que el arquero comience su recuperaci\u00f3n con la esperanza de <strong>volver m\u00e1s fuerte a la actividad profesional<\/strong>.<\/p>\n","protected":false},"excerpt":{"rendered":"<p>El Club Am\u00e9rica confirm\u00f3 que la cirug\u00eda realizada al guardameta Luis \u00c1ngel Malag\u00f3n para reparar el tend\u00f3n de Aquiles fue exitosa, iniciando as\u00ed su proceso formal de recuperaci\u00f3n tras la lesi\u00f3n sufrida durante la Concacaf Champions Cup. A trav\u00e9s de un comunicado oficial, la instituci\u00f3n azulcrema inform\u00f3 que el arquero tendr\u00e1 un tiempo estimado de [&hellip;]<\/p>\n","protected":false},"author":1,"featured_media":1274,"comment_status":"open","ping_status":"closed","sticky":false,"template":"","format":"standard","meta":{"footnotes":""},"categories":[109],"tags":[246,127,169],"class_list":["post-1273","post","type-post","status-publish","format-standard","has-post-thumbnail","hentry","category-nacional","tag-copa-mundial","tag-principal","tag-seleccion"],"_links":{"self":[{"href":"https:\/\/lineadeportiva.mx\/ld2026\/wp-json\/wp\/v2\/posts\/1273","targetHints":{"allow":["GET"]}}],"collection":[{"href":"https:\/\/lineadeportiva.mx\/ld2026\/wp-json\/wp\/v2\/posts"}],"about":[{"href":"https:\/\/lineadeportiva.mx\/ld2026\/wp-json\/wp\/v2\/types\/post"}],"author":[{"embeddable":true,"href":"https:\/\/lineadeportiva.mx\/ld2026\/wp-json\/wp\/v2\/users\/1"}],"replies":[{"embeddable":true,"href":"https:\/\/lineadeportiva.mx\/ld2026\/wp-json\/wp\/v2\/comments?post=1273"}],"version-history":[{"count":1,"href":"https:\/\/lineadeportiva.mx\/ld2026\/wp-json\/wp\/v2\/posts\/1273\/revisions"}],"predecessor-version":[{"id":1275,"href":"https:\/\/lineadeportiva.mx\/ld2026\/wp-json\/wp\/v2\/posts\/1273\/revisions\/1275"}],"wp:featuredmedia":[{"embeddable":true,"href":"https:\/\/lineadeportiva.mx\/ld2026\/wp-json\/wp\/v2\/media\/1274"}],"wp:attachment":[{"href":"https:\/\/lineadeportiva.mx\/ld2026\/wp-json\/wp\/v2\/media?parent=1273"}],"wp:term":[{"taxonomy":"category","embeddable":true,"href":"https:\/\/lineadeportiva.mx\/ld2026\/wp-json\/wp\/v2\/categories?post=1273"},{"taxonomy":"post_tag","embeddable":true,"href":"https:\/\/lineadeportiva.mx\/ld2026\/wp-json\/wp\/v2\/tags?post=1273"}],"curies":[{"name":"wp","href":"https:\/\/api.w.org\/{rel}","templated":true}]}}