{"id":1279,"date":"2026-03-12T20:42:33","date_gmt":"2026-03-13T03:42:33","guid":{"rendered":"https:\/\/lineadeportiva.mx\/ld2026\/?p=1279"},"modified":"2026-03-12T20:42:34","modified_gmt":"2026-03-13T03:42:34","slug":"agente-de-haaland-descarta-contactos-con-el-barcelona","status":"publish","type":"post","link":"https:\/\/lineadeportiva.mx\/ld2026\/2026\/03\/12\/agente-de-haaland-descarta-contactos-con-el-barcelona\/","title":{"rendered":"Agente de Haaland descarta contactos con el Barcelona"},"content":{"rendered":"\n<p>El nombre de <strong>Erling Haaland<\/strong> volvi\u00f3 a aparecer vinculado con el <strong>FC Barcelona<\/strong>, pero desde el entorno del delantero noruego se encargaron r\u00e1pidamente de frenar las especulaciones sobre un posible acercamiento con el club catal\u00e1n.<\/p>\n\n\n\n<p>Su representante, <strong>Rafaela Pimenta<\/strong>, dej\u00f3 claro que no existe ning\u00fan tipo de negociaci\u00f3n ni conversaci\u00f3n reciente entre el goleador del <strong>Manchester City<\/strong> y la instituci\u00f3n blaugrana.<\/p>\n\n\n\n<p>Las declaraciones se dieron durante su participaci\u00f3n en el programa <strong>El Chiringuito de Jugones<\/strong>, donde fue cuestionada directamente sobre los rumores que circulaban en Espa\u00f1a.<\/p>\n\n\n\n<p>\u201cTenemos mucho respeto y admiraci\u00f3n por el Barcelona, pero no ha habido ning\u00fan contacto, ni con Erling Haaland ni con la directiva del club\u201d, afirm\u00f3 la agente.<\/p>\n\n\n\n<h2 class=\"wp-block-heading\"><strong>Rumores surgieron desde el entorno del Barcelona<\/strong><\/h2>\n\n\n\n<p>Las versiones sobre un posible inter\u00e9s del conjunto catal\u00e1n surgieron luego de que el empresario y aspirante a la presidencia del club, <strong>V\u00edctor Font<\/strong>, dejara entrever que en su proyecto deportivo podr\u00eda contemplarse la llegada del delantero noruego en el futuro.<\/p>\n\n\n\n<p>Estas declaraciones generaron ruido medi\u00e1tico en el mercado europeo y alimentaron las especulaciones sobre un supuesto acercamiento con el entorno del jugador.<\/p>\n\n\n\n<h2 class=\"wp-block-heading\"><strong>Haaland est\u00e1 feliz en el Manchester City<\/strong><\/h2>\n\n\n\n<p>Sin embargo, Rafaela Pimenta fue contundente al se\u00f1alar que la situaci\u00f3n actual de Haaland no apunta a un cambio de equipo.<\/p>\n\n\n\n<p>El delantero renov\u00f3 recientemente con el <strong>Manchester City<\/strong>, donde vive un momento estable tanto en lo deportivo como en lo contractual.<\/p>\n\n\n\n<p>\u201cHaaland renov\u00f3 hace unos meses y est\u00e1 muy feliz en el Manchester City\u201d, explic\u00f3 su representante.<\/p>\n\n\n\n<h2 class=\"wp-block-heading\"><strong>Uno de los jugadores m\u00e1s cotizados del mundo<\/strong><\/h2>\n\n\n\n<p>El atacante noruego es considerado uno de los futbolistas m\u00e1s valiosos del f\u00fatbol mundial, por lo que su nombre suele aparecer vinculado a los grandes clubes de Europa cada vez que se abre el debate del mercado de fichajes.<\/p>\n\n\n\n<p>Equipos como el <strong>Barcelona<\/strong>, <strong>Real Madrid<\/strong> o <strong>Paris Saint-Germain<\/strong> han sido mencionados en distintas ocasiones como posibles destinos.<\/p>\n\n\n\n<p>Por ahora, las palabras de su agente dejan clara la situaci\u00f3n: <strong>no hay contactos con el Barcelona y el futuro inmediato de Haaland sigue ligado al Manchester City<\/strong>, por lo que cualquier posibilidad de verlo con la camiseta blaugrana permanece \u00fanicamente en el terreno de la especulaci\u00f3n.<\/p>\n","protected":false},"excerpt":{"rendered":"<p>El nombre de Erling Haaland volvi\u00f3 a aparecer vinculado con el FC Barcelona, pero desde el entorno del delantero noruego se encargaron r\u00e1pidamente de frenar las especulaciones sobre un posible acercamiento con el club catal\u00e1n. Su representante, Rafaela Pimenta, dej\u00f3 claro que no existe ning\u00fan tipo de negociaci\u00f3n ni conversaci\u00f3n reciente entre el goleador del [&hellip;]<\/p>\n","protected":false},"author":1,"featured_media":1280,"comment_status":"open","ping_status":"closed","sticky":false,"template":"","format":"standard","meta":{"footnotes":""},"categories":[110],"tags":[17,127,87,94],"class_list":["post-1279","post","type-post","status-publish","format-standard","has-post-thumbnail","hentry","category-internacional","tag-barcelona","tag-principal","tag-soccer","tag-uefa"],"_links":{"self":[{"href":"https:\/\/lineadeportiva.mx\/ld2026\/wp-json\/wp\/v2\/posts\/1279","targetHints":{"allow":["GET"]}}],"collection":[{"href":"https:\/\/lineadeportiva.mx\/ld2026\/wp-json\/wp\/v2\/posts"}],"about":[{"href":"https:\/\/lineadeportiva.mx\/ld2026\/wp-json\/wp\/v2\/types\/post"}],"author":[{"embeddable":true,"href":"https:\/\/lineadeportiva.mx\/ld2026\/wp-json\/wp\/v2\/users\/1"}],"replies":[{"embeddable":true,"href":"https:\/\/lineadeportiva.mx\/ld2026\/wp-json\/wp\/v2\/comments?post=1279"}],"version-history":[{"count":1,"href":"https:\/\/lineadeportiva.mx\/ld2026\/wp-json\/wp\/v2\/posts\/1279\/revisions"}],"predecessor-version":[{"id":1281,"href":"https:\/\/lineadeportiva.mx\/ld2026\/wp-json\/wp\/v2\/posts\/1279\/revisions\/1281"}],"wp:featuredmedia":[{"embeddable":true,"href":"https:\/\/lineadeportiva.mx\/ld2026\/wp-json\/wp\/v2\/media\/1280"}],"wp:attachment":[{"href":"https:\/\/lineadeportiva.mx\/ld2026\/wp-json\/wp\/v2\/media?parent=1279"}],"wp:term":[{"taxonomy":"category","embeddable":true,"href":"https:\/\/lineadeportiva.mx\/ld2026\/wp-json\/wp\/v2\/categories?post=1279"},{"taxonomy":"post_tag","embeddable":true,"href":"https:\/\/lineadeportiva.mx\/ld2026\/wp-json\/wp\/v2\/tags?post=1279"}],"curies":[{"name":"wp","href":"https:\/\/api.w.org\/{rel}","templated":true}]}}