{"id":1282,"date":"2026-03-12T20:45:21","date_gmt":"2026-03-13T03:45:21","guid":{"rendered":"https:\/\/lineadeportiva.mx\/ld2026\/?p=1282"},"modified":"2026-03-12T20:45:21","modified_gmt":"2026-03-13T03:45:21","slug":"trump-genera-polemica-al-cuestionar-presencia-de-iran-en-el-mundial-2026","status":"publish","type":"post","link":"https:\/\/lineadeportiva.mx\/ld2026\/2026\/03\/12\/trump-genera-polemica-al-cuestionar-presencia-de-iran-en-el-mundial-2026\/","title":{"rendered":"Trump genera pol\u00e9mica al cuestionar presencia de Ir\u00e1n en el Mundial 2026"},"content":{"rendered":"\n<p>El presidente de Estados Unidos, <strong>Donald Trump<\/strong>, provoc\u00f3 controversia internacional luego de publicar un mensaje en la red social Truth en el que cuestion\u00f3 la participaci\u00f3n de <strong>Ir\u00e1n<\/strong> en la <strong>Copa del Mundo de 2026<\/strong>, torneo que se celebrar\u00e1 en conjunto entre <strong>Estados Unidos, M\u00e9xico y Canad\u00e1<\/strong>.<\/p>\n\n\n\n<p>La publicaci\u00f3n se realiz\u00f3 a poco m\u00e1s de tres meses del inicio del campeonato y r\u00e1pidamente gener\u00f3 reacciones dentro del entorno deportivo y pol\u00edtico.<\/p>\n\n\n\n<p>En su mensaje, el mandatario afirm\u00f3 que la selecci\u00f3n iran\u00ed es bienvenida al torneo, aunque se\u00f1al\u00f3 que no considera apropiada su presencia debido a cuestiones de seguridad.<\/p>\n\n\n\n<p>\u201cLa selecci\u00f3n nacional de Ir\u00e1n es bienvenida a la Copa del Mundo, pero realmente no creo que sea apropiado que est\u00e9n ah\u00ed, por su propia vida y seguridad\u201d, escribi\u00f3 Trump en su cuenta oficial.<\/p>\n\n\n\n<p>El presidente estadounidense argument\u00f3 que su postura est\u00e1 relacionada con la protecci\u00f3n de los propios jugadores iran\u00edes, especialmente ante el <strong>conflicto que se ha intensificado recientemente en Medio Oriente<\/strong>.<\/p>\n\n\n\n<h2 class=\"wp-block-heading\"><strong>La participaci\u00f3n de Ir\u00e1n en duda<\/strong><\/h2>\n\n\n\n<p>El comentario de Trump se produjo apenas un d\u00eda despu\u00e9s de que el ministro de Deportes de Ir\u00e1n, <strong>Ahmad Donyamali<\/strong>, declarara en entrevista con el medio <strong>IRIBNews<\/strong> que la participaci\u00f3n del combinado iran\u00ed en el Mundial no est\u00e1 garantizada.<\/p>\n\n\n\n<p>A pesar de estas declaraciones, el presidente de la FIFA, <strong>Gianni Infantino<\/strong>, ha reiterado que <strong>Ir\u00e1n es bienvenido en la Copa del Mundo<\/strong>, aunque reconoci\u00f3 que la situaci\u00f3n internacional podr\u00eda generar incertidumbre.<\/p>\n\n\n\n<p>La selecci\u00f3n dirigida por <strong>Amir Ghalenoei<\/strong> fue una de las primeras en clasificar al torneo y qued\u00f3 ubicada en el <strong>Grupo G<\/strong>, donde enfrentar\u00eda a <strong>B\u00e9lgica, Egipto y Nueva Zelanda<\/strong>.<\/p>\n\n\n\n<p>Los partidos de esa fase se disputar\u00edan principalmente en ciudades de la costa oeste de Estados Unidos, como <strong>Los \u00c1ngeles y Seattle<\/strong>.<\/p>\n\n\n\n<h2 class=\"wp-block-heading\"><strong>Consecuencias si Ir\u00e1n se retira<\/strong><\/h2>\n\n\n\n<p>En caso de que Ir\u00e1n decida retirarse del torneo antes de su inicio, la <strong>FIFA<\/strong> podr\u00eda aplicar sanciones econ\u00f3micas y deportivas.<\/p>\n\n\n\n<p>De acuerdo con el <strong>art\u00edculo 6 del reglamento del Mundial<\/strong>, una selecci\u00f3n que abandone la competencia dentro de los <strong>30 d\u00edas previos al inicio<\/strong> del torneo deber\u00e1 pagar una multa m\u00ednima de <strong>550,000 euros<\/strong>.<\/p>\n\n\n\n<p>Adem\u00e1s, la federaci\u00f3n iran\u00ed tendr\u00eda que <strong>devolver los recursos otorgados por la FIFA<\/strong> para la preparaci\u00f3n del equipo rumbo a la Copa del Mundo, lo que incrementar\u00eda el impacto financiero.<\/p>\n\n\n\n<p>En el plano deportivo, el organismo tambi\u00e9n podr\u00eda imponer sanciones adicionales, como <strong>la exclusi\u00f3n de futuras competiciones internacionales<\/strong>, lo que afectar\u00eda su participaci\u00f3n en eliminatorias o torneos continentales.<\/p>\n\n\n\n<h2 class=\"wp-block-heading\"><strong>Posibles reemplazos<\/strong><\/h2>\n\n\n\n<p>Si finalmente Ir\u00e1n no participa en el Mundial 2026, la plaza asi\u00e1tica tendr\u00eda que ser reasignada.<\/p>\n\n\n\n<p>Entre los candidatos para ocupar ese lugar aparece <strong>Irak<\/strong>, que a\u00fan debe disputar la <strong>repesca mundialista ante Bolivia o Surinam<\/strong>.<\/p>\n\n\n\n<p>En caso de que ese escenario no prospere, <strong>Emiratos \u00c1rabes Unidos<\/strong> tambi\u00e9n podr\u00eda tener la oportunidad de disputar un repechaje intercontinental para definir al sustituto de Ir\u00e1n en la Copa del Mundo.<\/p>\n","protected":false},"excerpt":{"rendered":"<p>El presidente de Estados Unidos, Donald Trump, provoc\u00f3 controversia internacional luego de publicar un mensaje en la red social Truth en el que cuestion\u00f3 la participaci\u00f3n de Ir\u00e1n en la Copa del Mundo de 2026, torneo que se celebrar\u00e1 en conjunto entre Estados Unidos, M\u00e9xico y Canad\u00e1. La publicaci\u00f3n se realiz\u00f3 a poco m\u00e1s de [&hellip;]<\/p>\n","protected":false},"author":1,"featured_media":1283,"comment_status":"open","ping_status":"closed","sticky":false,"template":"","format":"standard","meta":{"footnotes":""},"categories":[110],"tags":[246,273,127,226],"class_list":["post-1282","post","type-post","status-publish","format-standard","has-post-thumbnail","hentry","category-internacional","tag-copa-mundial","tag-iran","tag-principal","tag-trump"],"_links":{"self":[{"href":"https:\/\/lineadeportiva.mx\/ld2026\/wp-json\/wp\/v2\/posts\/1282","targetHints":{"allow":["GET"]}}],"collection":[{"href":"https:\/\/lineadeportiva.mx\/ld2026\/wp-json\/wp\/v2\/posts"}],"about":[{"href":"https:\/\/lineadeportiva.mx\/ld2026\/wp-json\/wp\/v2\/types\/post"}],"author":[{"embeddable":true,"href":"https:\/\/lineadeportiva.mx\/ld2026\/wp-json\/wp\/v2\/users\/1"}],"replies":[{"embeddable":true,"href":"https:\/\/lineadeportiva.mx\/ld2026\/wp-json\/wp\/v2\/comments?post=1282"}],"version-history":[{"count":1,"href":"https:\/\/lineadeportiva.mx\/ld2026\/wp-json\/wp\/v2\/posts\/1282\/revisions"}],"predecessor-version":[{"id":1284,"href":"https:\/\/lineadeportiva.mx\/ld2026\/wp-json\/wp\/v2\/posts\/1282\/revisions\/1284"}],"wp:featuredmedia":[{"embeddable":true,"href":"https:\/\/lineadeportiva.mx\/ld2026\/wp-json\/wp\/v2\/media\/1283"}],"wp:attachment":[{"href":"https:\/\/lineadeportiva.mx\/ld2026\/wp-json\/wp\/v2\/media?parent=1282"}],"wp:term":[{"taxonomy":"category","embeddable":true,"href":"https:\/\/lineadeportiva.mx\/ld2026\/wp-json\/wp\/v2\/categories?post=1282"},{"taxonomy":"post_tag","embeddable":true,"href":"https:\/\/lineadeportiva.mx\/ld2026\/wp-json\/wp\/v2\/tags?post=1282"}],"curies":[{"name":"wp","href":"https:\/\/api.w.org\/{rel}","templated":true}]}}