{"id":1288,"date":"2026-03-12T20:49:57","date_gmt":"2026-03-13T03:49:57","guid":{"rendered":"https:\/\/lineadeportiva.mx\/ld2026\/?p=1288"},"modified":"2026-03-12T20:49:58","modified_gmt":"2026-03-13T03:49:58","slug":"diana-bonita-fernandez-defendera-su-titulo-silver-en-casa","status":"publish","type":"post","link":"https:\/\/lineadeportiva.mx\/ld2026\/2026\/03\/12\/diana-bonita-fernandez-defendera-su-titulo-silver-en-casa\/","title":{"rendered":"Diana \u201cBonita\u201d Fern\u00e1ndez defender\u00e1 su t\u00edtulo Silver en casa"},"content":{"rendered":"\n<p>La campeona en peso mosca <strong>Diana \u201cBonita\u201d Fern\u00e1ndez<\/strong>, una de las m\u00e1ximas referentes del boxeo femenil en Ciudad Ju\u00e1rez, defender\u00e1 su <strong>t\u00edtulo Silver<\/strong> frente a la japonesa <strong>Tenkai Tsunami<\/strong> en un combate pactado a <strong>10 rounds<\/strong>, el pr\u00f3ximo <strong>s\u00e1bado 14 de marzo a las 7:00 de la tarde en el Gimnasio Municipal Josu\u00e9 Neri Santos<\/strong>.<\/p>\n\n\n\n<p>La funci\u00f3n promete una gran noche para la afici\u00f3n juarense, ya que adem\u00e1s del combate estelar se presentar\u00e1 una <strong>cartelera especial que incluir\u00e1 peleas entre influencers y locutores locales<\/strong>, lo que dar\u00e1 un toque distinto y atractivo al evento.<\/p>\n\n\n\n<p>Durante la rueda de prensa, el director del <strong>Instituto Municipal del Deporte y Cultura F\u00edsica de Ju\u00e1rez, Juan Carlos Escalante<\/strong>, agradeci\u00f3 a la pugilista por defender su t\u00edtulo en casa y destac\u00f3 el papel que ha tenido como representante del deporte femenil.<\/p>\n\n\n\n<p>\u201cSe agradece Diana, porque s\u00e9 que t\u00fa dejas todo en el ring, en cada pu\u00f1etazo, en cada minuto y cada vez que suena la campana. Siempre est\u00e1s poniendo el nombre de Ju\u00e1rez en alto\u201d, se\u00f1al\u00f3 Escalante a nombre del presidente municipal <strong>Cruz P\u00e9rez Cu\u00e9llar<\/strong>.<\/p>\n\n\n\n<p>Por su parte, la campeona juarense reconoci\u00f3 el respaldo de su equipo de trabajo encabezado por su esposo, el exboxeador <strong>Micky Rom\u00e1n<\/strong>, y el entrenador <strong>Gerardo Castillo<\/strong>, adem\u00e1s del apoyo de la afici\u00f3n.<\/p>\n\n\n\n<p>\u201cMe ha costado sacrificio y esfuerzo conseguir este t\u00edtulo como para dejarlo ir tan f\u00e1cil. Soy una peleadora disciplinada y saben que la \u2018Bonita\u2019 no se guarda nada en el ring. Este cintur\u00f3n tambi\u00e9n es de toda la gente que me apoya\u201d, expres\u00f3 Fern\u00e1ndez.<\/p>\n\n\n\n<p>En el mismo evento, el presidente de la <strong>Comisi\u00f3n de Boxeo de Ciudad Ju\u00e1rez, Lorenzo Soberanes<\/strong>, destac\u00f3 el nivel de los peleadores que participar\u00e1n en la funci\u00f3n y el escenario que ofrece el renovado gimnasio Neri Santos.<\/p>\n\n\n\n<p>Adem\u00e1s, la promotora <strong>Lat\u00edn KO<\/strong>, representada por <strong>Iv\u00e1n Le\u00f3n<\/strong>, anunci\u00f3 un atractivo adicional: el ganador de la pelea entre los locutores e influencers <strong>Juan Jos\u00e9 \u201cJuanjo\u201d Luna de la Rosa<\/strong> y <strong>Nicol\u00e1s D\u00edaz \u201cEl Pollito de la Z\u201d<\/strong> tendr\u00e1 como pr\u00f3ximo rival al actor <strong>Alfredo Adame<\/strong> en una pelea programada para el mes de mayo.<\/p>\n\n\n\n<p>El combate entre los comunicadores se disputar\u00e1 a <strong>tres rounds de dos minutos<\/strong>, con <strong>Micky Rom\u00e1n<\/strong> en la esquina de Juanjo y el experimentado <strong>Juan \u201cRanchero\u201d Ram\u00edrez<\/strong> apoyando al Pollito.<\/p>\n\n\n\n<p>Los participantes se\u00f1alaron que el objetivo es ofrecer un espect\u00e1culo para la comunidad, recordando que este tipo de enfrentamientos entre creadores de contenido y figuras p\u00fablicas ya se han realizado en diferentes ciudades del pa\u00eds.<\/p>\n\n\n\n<p>La funci\u00f3n del pr\u00f3ximo <strong>14 de marzo<\/strong> promete una noche llena de emociones en el <strong>Neri Santos<\/strong>, donde la afici\u00f3n juarense buscar\u00e1 respaldar a una de sus m\u00e1ximas exponentes del boxeo.<\/p>\n","protected":false},"excerpt":{"rendered":"<p>La campeona en peso mosca Diana \u201cBonita\u201d Fern\u00e1ndez, una de las m\u00e1ximas referentes del boxeo femenil en Ciudad Ju\u00e1rez, defender\u00e1 su t\u00edtulo Silver frente a la japonesa Tenkai Tsunami en un combate pactado a 10 rounds, el pr\u00f3ximo s\u00e1bado 14 de marzo a las 7:00 de la tarde en el Gimnasio Municipal Josu\u00e9 Neri Santos. [&hellip;]<\/p>\n","protected":false},"author":1,"featured_media":1289,"comment_status":"open","ping_status":"closed","sticky":false,"template":"","format":"standard","meta":{"footnotes":""},"categories":[107],"tags":[161],"class_list":["post-1288","post","type-post","status-publish","format-standard","has-post-thumbnail","hentry","category-juarez","tag-box"],"_links":{"self":[{"href":"https:\/\/lineadeportiva.mx\/ld2026\/wp-json\/wp\/v2\/posts\/1288","targetHints":{"allow":["GET"]}}],"collection":[{"href":"https:\/\/lineadeportiva.mx\/ld2026\/wp-json\/wp\/v2\/posts"}],"about":[{"href":"https:\/\/lineadeportiva.mx\/ld2026\/wp-json\/wp\/v2\/types\/post"}],"author":[{"embeddable":true,"href":"https:\/\/lineadeportiva.mx\/ld2026\/wp-json\/wp\/v2\/users\/1"}],"replies":[{"embeddable":true,"href":"https:\/\/lineadeportiva.mx\/ld2026\/wp-json\/wp\/v2\/comments?post=1288"}],"version-history":[{"count":1,"href":"https:\/\/lineadeportiva.mx\/ld2026\/wp-json\/wp\/v2\/posts\/1288\/revisions"}],"predecessor-version":[{"id":1290,"href":"https:\/\/lineadeportiva.mx\/ld2026\/wp-json\/wp\/v2\/posts\/1288\/revisions\/1290"}],"wp:featuredmedia":[{"embeddable":true,"href":"https:\/\/lineadeportiva.mx\/ld2026\/wp-json\/wp\/v2\/media\/1289"}],"wp:attachment":[{"href":"https:\/\/lineadeportiva.mx\/ld2026\/wp-json\/wp\/v2\/media?parent=1288"}],"wp:term":[{"taxonomy":"category","embeddable":true,"href":"https:\/\/lineadeportiva.mx\/ld2026\/wp-json\/wp\/v2\/categories?post=1288"},{"taxonomy":"post_tag","embeddable":true,"href":"https:\/\/lineadeportiva.mx\/ld2026\/wp-json\/wp\/v2\/tags?post=1288"}],"curies":[{"name":"wp","href":"https:\/\/api.w.org\/{rel}","templated":true}]}}