{"id":1309,"date":"2026-03-16T09:57:31","date_gmt":"2026-03-16T16:57:31","guid":{"rendered":"https:\/\/lineadeportiva.mx\/ld2026\/?p=1309"},"modified":"2026-03-16T09:57:32","modified_gmt":"2026-03-16T16:57:32","slug":"diana-la-bonita-fernandez-defiende-con-autoridad-su-titulo-mundial-en-juarez","status":"publish","type":"post","link":"https:\/\/lineadeportiva.mx\/ld2026\/2026\/03\/16\/diana-la-bonita-fernandez-defiende-con-autoridad-su-titulo-mundial-en-juarez\/","title":{"rendered":"Diana \u201cLa Bonita\u201d Fern\u00e1ndez defiende con autoridad su t\u00edtulo mundial en Ju\u00e1rez"},"content":{"rendered":"\n<p>La juarense <strong>Diana \u201cLa Bonita\u201d Fern\u00e1ndez<\/strong> ofreci\u00f3 una s\u00f3lida actuaci\u00f3n ante su gente al derrotar por <strong>decisi\u00f3n un\u00e1nime<\/strong> a la japonesa <strong>Tenkai Tsunami<\/strong>, logrando as\u00ed la <strong>primera defensa del t\u00edtulo mundial plata del Consejo Mundial de Boxeo (CMB)<\/strong> en una pelea celebrada la madrugada de este domingo en el <strong>Gimnasio Municipal Josu\u00e9 Neri Santos<\/strong>.<\/p>\n\n\n\n<p>Desde el campanazo inicial, la pugilista fronteriza impuso condiciones sobre el ring. Con una combinaci\u00f3n constante de t\u00e9cnica, velocidad y presi\u00f3n ofensiva, \u201cLa Bonita\u201d domin\u00f3 el combate pr\u00e1cticamente de principio a fin ante una rival experimentada que logr\u00f3 resistir los <strong>10 rounds pactados<\/strong>.<\/p>\n\n\n\n<p>El dominio de Fern\u00e1ndez qued\u00f3 reflejado en las tarjetas de los jueces, que marcaron <strong>100-90, 99-91 y 100-90<\/strong>, confirmando una clara victoria para la consentida de la afici\u00f3n juarense.<\/p>\n\n\n\n<p>Uno de los momentos m\u00e1s destacados del combate lleg\u00f3 en el <strong>tercer round<\/strong>, cuando Diana logr\u00f3 arrinconar en dos ocasiones a Tsunami contra las cuerdas y descargar una intensa combinaci\u00f3n de golpes que levant\u00f3 a los aficionados de sus asientos. Aunque el nocaut no lleg\u00f3, la superioridad de la juarense fue evidente durante todo el enfrentamiento.<\/p>\n\n\n\n<p>Por su parte, la japonesa intent\u00f3 responder a los ataques con algunas combinaciones, pero sus golpes carecieron de la potencia suficiente para poner en aprietos a la campeona, quien mantuvo el control del ritmo del combate incluso cuando Tsunami mostraba se\u00f1ales de desgaste y sangrado nasal.<\/p>\n\n\n\n<p>Con este triunfo, <strong>Diana Fern\u00e1ndez mejora su r\u00e9cord a 37 victorias, 4 derrotas y un empate<\/strong>, con <strong>cinco triunfos por la v\u00eda del nocaut<\/strong>, consolid\u00e1ndose como una de las principales figuras del boxeo femenil mexicano.<\/p>\n\n\n\n<h2 class=\"wp-block-heading\"><strong>Miguel \u201cEl Fant\u00e1stico\u201d Esparza pierde el invicto<\/strong><\/h2>\n\n\n\n<p>En el combate <strong>semifinal de la cartelera<\/strong>, el juarense <strong>Miguel \u201cEl Fant\u00e1stico\u201d Esparza<\/strong> sufri\u00f3 su primera derrota profesional al caer por <strong>nocaut t\u00e9cnico<\/strong> ante <strong>Brayan \u201cEl Azteca\u201d Rivera<\/strong> a los <strong>2 minutos y 32 segundos del octavo round<\/strong>.<\/p>\n\n\n\n<p>Desde el primer episodio, Rivera sali\u00f3 agresivo y encontr\u00f3 r\u00e1pidamente resultados. Al <strong>minuto 1:30 del primer round<\/strong>, conect\u00f3 un potente izquierdazo que envi\u00f3 a Esparza a la lona por primera vez.<\/p>\n\n\n\n<p>La segunda ca\u00edda lleg\u00f3 en el <strong>quinto episodio<\/strong>, cuando el boxeador juarense ya mostraba severos da\u00f1os en el rostro, incluyendo <strong>una nariz fracturada y un corte en el p\u00e1rpado izquierdo<\/strong>.<\/p>\n\n\n\n<p>El dominio de Rivera continu\u00f3 hasta el <strong>octavo round<\/strong>, cuando provoc\u00f3 la tercera ca\u00edda del fronterizo. Antes de que el combate se reanudara, la esquina de Esparza decidi\u00f3 <strong>tirar la toalla<\/strong> para proteger al peleador.<\/p>\n\n\n\n<p>Tras este resultado, <strong>Miguel Esparza deja su r\u00e9cord en 21-1-0<\/strong>, mientras que <strong>Brayan Rivera mejora a 13-8-0<\/strong>, con <strong>11 victorias por nocaut<\/strong> en su carrera.<\/p>\n","protected":false},"excerpt":{"rendered":"<p>La juarense Diana \u201cLa Bonita\u201d Fern\u00e1ndez ofreci\u00f3 una s\u00f3lida actuaci\u00f3n ante su gente al derrotar por decisi\u00f3n un\u00e1nime a la japonesa Tenkai Tsunami, logrando as\u00ed la primera defensa del t\u00edtulo mundial plata del Consejo Mundial de Boxeo (CMB) en una pelea celebrada la madrugada de este domingo en el Gimnasio Municipal Josu\u00e9 Neri Santos. Desde [&hellip;]<\/p>\n","protected":false},"author":1,"featured_media":1310,"comment_status":"open","ping_status":"closed","sticky":false,"template":"","format":"standard","meta":{"footnotes":""},"categories":[107],"tags":[161,268],"class_list":["post-1309","post","type-post","status-publish","format-standard","has-post-thumbnail","hentry","category-juarez","tag-box","tag-la-bonita"],"_links":{"self":[{"href":"https:\/\/lineadeportiva.mx\/ld2026\/wp-json\/wp\/v2\/posts\/1309","targetHints":{"allow":["GET"]}}],"collection":[{"href":"https:\/\/lineadeportiva.mx\/ld2026\/wp-json\/wp\/v2\/posts"}],"about":[{"href":"https:\/\/lineadeportiva.mx\/ld2026\/wp-json\/wp\/v2\/types\/post"}],"author":[{"embeddable":true,"href":"https:\/\/lineadeportiva.mx\/ld2026\/wp-json\/wp\/v2\/users\/1"}],"replies":[{"embeddable":true,"href":"https:\/\/lineadeportiva.mx\/ld2026\/wp-json\/wp\/v2\/comments?post=1309"}],"version-history":[{"count":1,"href":"https:\/\/lineadeportiva.mx\/ld2026\/wp-json\/wp\/v2\/posts\/1309\/revisions"}],"predecessor-version":[{"id":1311,"href":"https:\/\/lineadeportiva.mx\/ld2026\/wp-json\/wp\/v2\/posts\/1309\/revisions\/1311"}],"wp:featuredmedia":[{"embeddable":true,"href":"https:\/\/lineadeportiva.mx\/ld2026\/wp-json\/wp\/v2\/media\/1310"}],"wp:attachment":[{"href":"https:\/\/lineadeportiva.mx\/ld2026\/wp-json\/wp\/v2\/media?parent=1309"}],"wp:term":[{"taxonomy":"category","embeddable":true,"href":"https:\/\/lineadeportiva.mx\/ld2026\/wp-json\/wp\/v2\/categories?post=1309"},{"taxonomy":"post_tag","embeddable":true,"href":"https:\/\/lineadeportiva.mx\/ld2026\/wp-json\/wp\/v2\/tags?post=1309"}],"curies":[{"name":"wp","href":"https:\/\/api.w.org\/{rel}","templated":true}]}}