{"id":1330,"date":"2026-03-16T18:28:40","date_gmt":"2026-03-17T01:28:40","guid":{"rendered":"https:\/\/lineadeportiva.mx\/ld2026\/?p=1330"},"modified":"2026-03-16T18:28:42","modified_gmt":"2026-03-17T01:28:42","slug":"futbol-mexicano-lamenta-la-muerte-del-exportero-pablo-jurado-serafin","status":"publish","type":"post","link":"https:\/\/lineadeportiva.mx\/ld2026\/2026\/03\/16\/futbol-mexicano-lamenta-la-muerte-del-exportero-pablo-jurado-serafin\/","title":{"rendered":"F\u00fatbol mexicano lamenta la muerte del exportero Pablo Jurado Seraf\u00edn"},"content":{"rendered":"\n<p>El f\u00fatbol mexicano se encuentra de luto tras confirmarse el fallecimiento de <strong>Pablo Jurado Seraf\u00edn<\/strong>, exportero formado en las fuerzas b\u00e1sicas del <strong>Deportivo Toluca<\/strong>, quien muri\u00f3 a los <strong>22 a\u00f1os de edad<\/strong>.<\/p>\n\n\n\n<p>La noticia gener\u00f3 diversas reacciones dentro del entorno de la <strong>Liga MX<\/strong> y entre compa\u00f1eros, entrenadores y personas que compartieron con el joven guardameta durante su proceso de formaci\u00f3n en el club mexiquense.<\/p>\n\n\n\n<p>Jurado Seraf\u00edn form\u00f3 parte del sistema de desarrollo de <strong>los Diablos Rojos<\/strong> durante varios a\u00f1os, defendiendo el arco en distintas categor\u00edas juveniles. Su \u00faltima participaci\u00f3n dentro de la instituci\u00f3n fue con el <strong>equipo Sub-23<\/strong>, donde buscaba consolidarse y dar el salto al f\u00fatbol profesional.<\/p>\n\n\n\n<h2 class=\"wp-block-heading\"><strong>Trayectoria en las fuerzas b\u00e1sicas del Toluca<\/strong><\/h2>\n\n\n\n<p>El arquero ingres\u00f3 a las fuerzas b\u00e1sicas del Toluca en <strong>2019<\/strong>, destacando por su disciplina y compromiso dentro del proceso formativo del club.<\/p>\n\n\n\n<p>Durante su etapa en la instituci\u00f3n pas\u00f3 por diferentes categor\u00edas:<\/p>\n\n\n\n<ul class=\"wp-block-list\">\n<li><strong>Sub-17 en 2020<\/strong><\/li>\n\n\n\n<li>Posteriormente avanz\u00f3 dentro del sistema juvenil<\/li>\n\n\n\n<li><strong>Sub-20 en 2022<\/strong><\/li>\n\n\n\n<li><strong>Sub-23 en 2023<\/strong><\/li>\n<\/ul>\n\n\n\n<p>Aunque no logr\u00f3 debutar con el primer equipo, dej\u00f3 un recuerdo positivo entre quienes compartieron vestidor con \u00e9l.<\/p>\n\n\n\n<p>En <strong>2024 qued\u00f3 en libertad<\/strong> y desde entonces no ten\u00eda equipo registrado.<\/p>\n\n\n\n<figure class=\"wp-block-embed is-type-rich is-provider-twitter wp-block-embed-twitter\"><div class=\"wp-block-embed__wrapper\">\n<blockquote class=\"twitter-tweet\" data-width=\"550\" data-dnt=\"true\"><p lang=\"es\" dir=\"ltr\">Lamento mucho la partida de Pablo Jurado Seraf\u00edn. Mis condolencias y solidaridad para su familia en estos momentos de profundo dolor. Deseo que encuentren paz y fortaleza ante esta irreparable p\u00e9rdida. <a href=\"https:\/\/t.co\/NP7yRwgeuY\">https:\/\/t.co\/NP7yRwgeuY<\/a><\/p>&mdash; Mikel Arriola (@MikelArriolaP) <a href=\"https:\/\/twitter.com\/MikelArriolaP\/status\/2033407047098659277?ref_src=twsrc%5Etfw\">March 16, 2026<\/a><\/blockquote><script async src=\"https:\/\/platform.twitter.com\/widgets.js\" charset=\"utf-8\"><\/script>\n<\/div><\/figure>\n\n\n\n<h2 class=\"wp-block-heading\"><strong>Mensajes de condolencias<\/strong><\/h2>\n\n\n\n<p>Tras darse a conocer la noticia, tanto la <strong>Liga MX<\/strong> como el <strong>Deportivo Toluca<\/strong> expresaron p\u00fablicamente sus condolencias a trav\u00e9s de redes sociales.<\/p>\n\n\n\n<p>\u201cLamentamos el sensible fallecimiento de Pablo Jurado Seraf\u00edn. Nos unimos a la pena que embarga a familiares y amigos. Que descanse en paz\u201d, public\u00f3 la liga.<\/p>\n\n\n\n<p>Por su parte, el club escarlata tambi\u00e9n lament\u00f3 el fallecimiento del joven exportero:<\/p>\n\n\n\n<p>\u201cQuienes integramos al Deportivo Toluca lamentamos el sensible fallecimiento de Pablo Jurado Seraf\u00edn, exarquero de nuestra instituci\u00f3n. Nuestras condolencias y mejores deseos a familiares y amigos\u201d.<\/p>\n\n\n\n<h2 class=\"wp-block-heading\"><strong>Sin detalles sobre la causa de su muerte<\/strong><\/h2>\n\n\n\n<p>Hasta el momento <strong>no se han dado a conocer las causas del fallecimiento<\/strong> del joven futbolista. Ni el club ni la Liga MX han emitido informaci\u00f3n adicional al respecto.<\/p>\n\n\n\n<p>La noticia ha provocado m\u00faltiples mensajes de despedida y solidaridad dentro del entorno del f\u00fatbol mexicano, donde compa\u00f1eros y aficionados han recordado al guardameta formado en la cantera del Toluca.<\/p>\n","protected":false},"excerpt":{"rendered":"<p>El f\u00fatbol mexicano se encuentra de luto tras confirmarse el fallecimiento de Pablo Jurado Seraf\u00edn, exportero formado en las fuerzas b\u00e1sicas del Deportivo Toluca, quien muri\u00f3 a los 22 a\u00f1os de edad. La noticia gener\u00f3 diversas reacciones dentro del entorno de la Liga MX y entre compa\u00f1eros, entrenadores y personas que compartieron con el joven [&hellip;]<\/p>\n","protected":false},"author":1,"featured_media":1331,"comment_status":"open","ping_status":"closed","sticky":false,"template":"","format":"standard","meta":{"footnotes":""},"categories":[109],"tags":[126,282],"class_list":["post-1330","post","type-post","status-publish","format-standard","has-post-thumbnail","hentry","category-nacional","tag-ligamx","tag-toluca"],"_links":{"self":[{"href":"https:\/\/lineadeportiva.mx\/ld2026\/wp-json\/wp\/v2\/posts\/1330","targetHints":{"allow":["GET"]}}],"collection":[{"href":"https:\/\/lineadeportiva.mx\/ld2026\/wp-json\/wp\/v2\/posts"}],"about":[{"href":"https:\/\/lineadeportiva.mx\/ld2026\/wp-json\/wp\/v2\/types\/post"}],"author":[{"embeddable":true,"href":"https:\/\/lineadeportiva.mx\/ld2026\/wp-json\/wp\/v2\/users\/1"}],"replies":[{"embeddable":true,"href":"https:\/\/lineadeportiva.mx\/ld2026\/wp-json\/wp\/v2\/comments?post=1330"}],"version-history":[{"count":1,"href":"https:\/\/lineadeportiva.mx\/ld2026\/wp-json\/wp\/v2\/posts\/1330\/revisions"}],"predecessor-version":[{"id":1332,"href":"https:\/\/lineadeportiva.mx\/ld2026\/wp-json\/wp\/v2\/posts\/1330\/revisions\/1332"}],"wp:featuredmedia":[{"embeddable":true,"href":"https:\/\/lineadeportiva.mx\/ld2026\/wp-json\/wp\/v2\/media\/1331"}],"wp:attachment":[{"href":"https:\/\/lineadeportiva.mx\/ld2026\/wp-json\/wp\/v2\/media?parent=1330"}],"wp:term":[{"taxonomy":"category","embeddable":true,"href":"https:\/\/lineadeportiva.mx\/ld2026\/wp-json\/wp\/v2\/categories?post=1330"},{"taxonomy":"post_tag","embeddable":true,"href":"https:\/\/lineadeportiva.mx\/ld2026\/wp-json\/wp\/v2\/tags?post=1330"}],"curies":[{"name":"wp","href":"https:\/\/api.w.org\/{rel}","templated":true}]}}