{"id":1853,"date":"2026-04-28T19:43:08","date_gmt":"2026-04-29T02:43:08","guid":{"rendered":"https:\/\/lineadeportiva.mx\/ld2026\/?p=1853"},"modified":"2026-04-28T19:43:09","modified_gmt":"2026-04-29T02:43:09","slug":"chivas-apunta-a-ser-la-nueva-gran-base-del-tri-rumbo-al-mundial","status":"publish","type":"post","link":"https:\/\/lineadeportiva.mx\/ld2026\/2026\/04\/28\/chivas-apunta-a-ser-la-nueva-gran-base-del-tri-rumbo-al-mundial\/","title":{"rendered":"Chivas apunta a ser la nueva gran base del Tri rumbo al Mundial"},"content":{"rendered":"\n<p>La cuenta regresiva hacia la <strong>Copa del Mundo de 2026<\/strong> ya comenz\u00f3, y en medio de ese camino empieza a tomar forma una tendencia clara dentro de la Selecci\u00f3n Mexicana: <strong>Chivas se perfila como la base del equipo de Javier Aguirre<\/strong>, con la mira puesta en superar lo hecho por los Pumas de 1986, que hasta hoy siguen siendo la base m\u00e1s exitosa en la historia del Tricolor en un Mundial organizado en casa.<\/p>\n\n\n\n<p>Si algo ha marcado a distintas generaciones de la Selecci\u00f3n Mexicana, es la influencia de ciertos clubes en la columna vertebral del equipo nacional. Y cuando se revisa la historia reciente, hay un nombre que sigue teniendo un peso especial: <strong>Pumas de la UNAM<\/strong>.<\/p>\n\n\n\n<p>En el <strong>Mundial de 1986<\/strong>, el conjunto universitario aport\u00f3 una base s\u00f3lida al Tricolor con jugadores como <strong>Miguel Espa\u00f1a, F\u00e9lix Cruz, Luis Flores, Ra\u00fal Serv\u00edn, Rafael Amador y Manuel Negrete<\/strong>, en la que hasta hoy se mantiene como la selecci\u00f3n mexicana que m\u00e1s lejos ha llegado en una Copa del Mundo organizada en territorio nacional.<\/p>\n\n\n\n<p>A\u00f1os despu\u00e9s, en <strong>Estados Unidos 1994<\/strong>, la base estuvo dividida entre <strong>Pumas y Atlante<\/strong>, con tres jugadores de cada club dentro del equipo dirigido por <strong>Miguel Mej\u00eda Bar\u00f3n<\/strong>. Por parte del cuadro universitario estuvieron <strong>Jorge Campos, Claudio Su\u00e1rez y Ram\u00edrez Perales<\/strong>, mientras que los azulgranas aportaron a <strong>F\u00e9lix Fern\u00e1ndez, Luis Miguel Salvador y Ra\u00fal Guti\u00e9rrez<\/strong>. Aquella selecci\u00f3n alcanz\u00f3 los octavos de final antes de caer ante Bulgaria en penales.<\/p>\n\n\n\n<p>Para <strong>Francia 1998<\/strong>, el protagonismo lo tom\u00f3 <strong>Am\u00e9rica<\/strong>, que aport\u00f3 siete jugadores al plantel de <strong>Manuel Lapuente<\/strong>. Nombres como <strong>Germ\u00e1n Villa, Duilio Davino, Isaac Terrazas, Alberto Garc\u00eda Aspe, Ricardo Pel\u00e1ez, Oswaldo S\u00e1nchez y Ra\u00fal Rodrigo Lara<\/strong> formaron parte de una selecci\u00f3n que volvi\u00f3 a instalarse en los octavos de final.<\/p>\n\n\n\n<p>En <strong>Corea-Jap\u00f3n 2002<\/strong>, durante el primer proceso de <strong>Javier Aguirre<\/strong>, la base lleg\u00f3 desde <strong>Pachuca<\/strong>, con futbolistas como <strong>Alberto Rodr\u00edguez, Gabriel Caballero, Manuel Vidrio y Francisco Gabriel de Anda<\/strong>.<\/p>\n\n\n\n<p>Sin embargo, uno de los ciclos m\u00e1s recordados por su fuerte identidad de club fue el de <strong>Chivas<\/strong>, que en dos procesos distintos se convirti\u00f3 en el sost\u00e9n de la Selecci\u00f3n Mexicana. Primero en <strong>Alemania 2006<\/strong>, con <strong>Ricardo Antonio La Volpe<\/strong>, cuando el Reba\u00f1o aport\u00f3 a <strong>Oswaldo S\u00e1nchez, Carlos Salcido, Francisco Rodr\u00edguez, Ram\u00f3n Morales, Gonzalo Pineda y Omar Bravo<\/strong>.<\/p>\n\n\n\n<p>M\u00e1s tarde, en <strong>Sud\u00e1frica 2010<\/strong>, Chivas volvi\u00f3 a tener un peso importante en el equipo, esta vez bajo el mando del propio <strong>Javier Aguirre<\/strong>, con futbolistas como <strong>Luis Ernesto Michel, Jonny Magall\u00f3n, Alberto Medina, Adolfo Bautista y Javier Hern\u00e1ndez<\/strong>. En ambos casos, M\u00e9xico termin\u00f3 su participaci\u00f3n en la misma instancia y ante el mismo rival: los octavos de final frente a Argentina.<\/p>\n\n\n\n<p>En <strong>Brasil 2014<\/strong>, Am\u00e9rica volvi\u00f3 a convertirse en base de la selecci\u00f3n, ahora bajo el mando de <strong>Miguel Herrera<\/strong>, con <strong>Francisco Rodr\u00edguez, Miguel Lay\u00fan, Paul Aguilar y Ra\u00fal Jim\u00e9nez<\/strong> como representantes azulcremas en aquel equipo mundialista.<\/p>\n\n\n\n<p>Por otro lado, en <strong>Qatar 2022<\/strong>, la base de la selecci\u00f3n de <strong>Gerardo Martino<\/strong> fue <strong>Rayados de Monterrey<\/strong>, en un proceso que termin\u00f3 siendo uno de los m\u00e1s decepcionantes en la historia reciente del Tri, dejando incluso la amarga sensaci\u00f3n de una base que no logr\u00f3 responder a las expectativas en la Copa del Mundo.<\/p>\n\n\n\n<p>Ahora, de cara a <strong>2026<\/strong>, la historia parece volver a poner a <strong>Chivas<\/strong> en el centro del proyecto nacional. El equipo rojiblanco se perfila como la base m\u00e1s importante del proceso de Javier Aguirre, en una apuesta que mezcla identidad, continuidad y la esperanza de que esta generaci\u00f3n pueda romper la barrera hist\u00f3rica.<\/p>\n\n\n\n<p>La meta no es menor. Chivas no solo quiere sostener al Tri, quiere llevarlo m\u00e1s lejos. Y para lograrlo, tendr\u00e1 que superar aquella marca que Pumas dej\u00f3 en 1986 y que sigue siendo la referencia m\u00e1s alta de una base de club en la historia mundialista de M\u00e9xico.<\/p>\n\n\n\n<p>El Mundial est\u00e1 cada vez m\u00e1s cerca. Y si el coraz\u00f3n del Tri vuelve a latir en rojo y blanco, la ilusi\u00f3n tambi\u00e9n crecer\u00e1 con la esperanza de que esta vez s\u00ed alcance para escribir una historia distinta.<\/p>\n","protected":false},"excerpt":{"rendered":"<p>La cuenta regresiva hacia la Copa del Mundo de 2026 ya comenz\u00f3, y en medio de ese camino empieza a tomar forma una tendencia clara dentro de la Selecci\u00f3n Mexicana: Chivas se perfila como la base del equipo de Javier Aguirre, con la mira puesta en superar lo hecho por los Pumas de 1986, que [&hellip;]<\/p>\n","protected":false},"author":1,"featured_media":1854,"comment_status":"open","ping_status":"closed","sticky":false,"template":"","format":"standard","meta":{"footnotes":""},"categories":[109],"tags":[291,292,361],"class_list":["post-1853","post","type-post","status-publish","format-standard","has-post-thumbnail","hentry","category-nacional","tag-el-tri","tag-mundial-2026","tag-seleccion-nacional"],"_links":{"self":[{"href":"https:\/\/lineadeportiva.mx\/ld2026\/wp-json\/wp\/v2\/posts\/1853","targetHints":{"allow":["GET"]}}],"collection":[{"href":"https:\/\/lineadeportiva.mx\/ld2026\/wp-json\/wp\/v2\/posts"}],"about":[{"href":"https:\/\/lineadeportiva.mx\/ld2026\/wp-json\/wp\/v2\/types\/post"}],"author":[{"embeddable":true,"href":"https:\/\/lineadeportiva.mx\/ld2026\/wp-json\/wp\/v2\/users\/1"}],"replies":[{"embeddable":true,"href":"https:\/\/lineadeportiva.mx\/ld2026\/wp-json\/wp\/v2\/comments?post=1853"}],"version-history":[{"count":1,"href":"https:\/\/lineadeportiva.mx\/ld2026\/wp-json\/wp\/v2\/posts\/1853\/revisions"}],"predecessor-version":[{"id":1855,"href":"https:\/\/lineadeportiva.mx\/ld2026\/wp-json\/wp\/v2\/posts\/1853\/revisions\/1855"}],"wp:featuredmedia":[{"embeddable":true,"href":"https:\/\/lineadeportiva.mx\/ld2026\/wp-json\/wp\/v2\/media\/1854"}],"wp:attachment":[{"href":"https:\/\/lineadeportiva.mx\/ld2026\/wp-json\/wp\/v2\/media?parent=1853"}],"wp:term":[{"taxonomy":"category","embeddable":true,"href":"https:\/\/lineadeportiva.mx\/ld2026\/wp-json\/wp\/v2\/categories?post=1853"},{"taxonomy":"post_tag","embeddable":true,"href":"https:\/\/lineadeportiva.mx\/ld2026\/wp-json\/wp\/v2\/tags?post=1853"}],"curies":[{"name":"wp","href":"https:\/\/api.w.org\/{rel}","templated":true}]}}