{"id":1856,"date":"2026-04-28T19:46:35","date_gmt":"2026-04-29T02:46:35","guid":{"rendered":"https:\/\/lineadeportiva.mx\/ld2026\/?p=1856"},"modified":"2026-04-28T19:46:35","modified_gmt":"2026-04-29T02:46:35","slug":"iran-en-vilo-el-mundial-no-se-juega-en-la-casa-blanca","status":"publish","type":"post","link":"https:\/\/lineadeportiva.mx\/ld2026\/2026\/04\/28\/iran-en-vilo-el-mundial-no-se-juega-en-la-casa-blanca\/","title":{"rendered":"Ir\u00e1n en vilo: el Mundial no se juega en la Casa Blanca"},"content":{"rendered":"\n<p>Fue el 5 de diciembre del a\u00f1o pasado. En el Centro John F. Kennedy para las Artes Esc\u00e9nicas de Washington, Gianni Infantino le concedi\u00f3 a Donald Trump el primer Premio FIFA de la Paz, una suerte de desconcertante desagravio futbol\u00edstico despu\u00e9s de que el Nobel del ramo, al que se hab\u00eda postulado, le hiciera acertadamente la cobra. Apenas unos meses m\u00e1s tarde, el presidente estadounidense despejaba de volea aquel galard\u00f3n al escalar la guerra contra Ir\u00e1n, cuya selecci\u00f3n ya se hab\u00eda ganado su participaci\u00f3n en la Copa del Mundo. Metralla contra el f\u00fatbol, la misma que en la Segunda Guerra Mundial cerr\u00f3 la puerta al campeonato durante doce a\u00f1os. &nbsp;<\/p>\n\n\n\n<p>Trump fantase\u00f3 con un conflicto corto, pero todo indica que este tr\u00e1gico partido se ir\u00e1 mucho m\u00e1s all\u00e1 del tiempo reglamentario y que la presencia de Ir\u00e1n en el Mundial ser\u00e1 cada vez m\u00e1s complicada. As\u00ed que, en un mundo esf\u00e9rico, al presidente se le ocurri\u00f3 una soluci\u00f3n tan oval como su despacho: redimir a Italia de sus pecados. Dieciocho millones de estadounidenses tienen ascendencia italiana y, adem\u00e1s, conven\u00eda \u201creamigarse\u201d con Giorgia Meloni. Una salida geopol\u00edticamente vistosa, pero futbol\u00edsticamente absurda. Entonces FIFA e Italia tuvieron que recordarle, a trav\u00e9s de Paolo Zampolli, que el f\u00fatbol se juega en la cancha y no en los jardines de la Casa Blanca. &nbsp;<\/p>\n\n\n\n<p>Porque el f\u00fatbol tiene sus reglas e Italia conserva intacto su orgullo. FIFA resistir\u00e1 hasta donde le alcancen las fuerzas para mantener a Ir\u00e1n en el torneo, porque sus tablas de la ley siguen grabadas en el c\u00e9sped. Y si finalmente se produce la renuncia, aplicar\u00e1 su reglamento y sus criterios competitivos. Hoy, de acuerdo con lo que se ha informado, los reemplazos m\u00e1s probables ser\u00edan Emiratos \u00c1rabes Unidos o Irak, no una invitaci\u00f3n vergonzante a la Azzurra por la puerta de atr\u00e1s. &nbsp;<\/p>\n\n\n\n<p>Luego est\u00e1 Italia, cuatro veces campeona del mundo, que prefiere tragarse su fracaso \u2014el tercero consecutivo\u2014 y someterse a una catarsis, antes que aceptar una limosna. La propuesta de colarse al Mundial por la gatera no solo fue vista como improcedente; en Italia fue considerada directamente vergonzosa. Su sangre deportiva, como su camiseta, es azul.<\/p>\n","protected":false},"excerpt":{"rendered":"<p>Fue el 5 de diciembre del a\u00f1o pasado. En el Centro John F. Kennedy para las Artes Esc\u00e9nicas de Washington, Gianni Infantino le concedi\u00f3 a Donald Trump el primer Premio FIFA de la Paz, una suerte de desconcertante desagravio futbol\u00edstico despu\u00e9s de que el Nobel del ramo, al que se hab\u00eda postulado, le hiciera acertadamente [&hellip;]<\/p>\n","protected":false},"author":1,"featured_media":1857,"comment_status":"open","ping_status":"closed","sticky":false,"template":"","format":"standard","meta":{"footnotes":""},"categories":[110],"tags":[273,362,292,127],"class_list":["post-1856","post","type-post","status-publish","format-standard","has-post-thumbnail","hentry","category-internacional","tag-iran","tag-italia","tag-mundial-2026","tag-principal"],"_links":{"self":[{"href":"https:\/\/lineadeportiva.mx\/ld2026\/wp-json\/wp\/v2\/posts\/1856","targetHints":{"allow":["GET"]}}],"collection":[{"href":"https:\/\/lineadeportiva.mx\/ld2026\/wp-json\/wp\/v2\/posts"}],"about":[{"href":"https:\/\/lineadeportiva.mx\/ld2026\/wp-json\/wp\/v2\/types\/post"}],"author":[{"embeddable":true,"href":"https:\/\/lineadeportiva.mx\/ld2026\/wp-json\/wp\/v2\/users\/1"}],"replies":[{"embeddable":true,"href":"https:\/\/lineadeportiva.mx\/ld2026\/wp-json\/wp\/v2\/comments?post=1856"}],"version-history":[{"count":1,"href":"https:\/\/lineadeportiva.mx\/ld2026\/wp-json\/wp\/v2\/posts\/1856\/revisions"}],"predecessor-version":[{"id":1858,"href":"https:\/\/lineadeportiva.mx\/ld2026\/wp-json\/wp\/v2\/posts\/1856\/revisions\/1858"}],"wp:featuredmedia":[{"embeddable":true,"href":"https:\/\/lineadeportiva.mx\/ld2026\/wp-json\/wp\/v2\/media\/1857"}],"wp:attachment":[{"href":"https:\/\/lineadeportiva.mx\/ld2026\/wp-json\/wp\/v2\/media?parent=1856"}],"wp:term":[{"taxonomy":"category","embeddable":true,"href":"https:\/\/lineadeportiva.mx\/ld2026\/wp-json\/wp\/v2\/categories?post=1856"},{"taxonomy":"post_tag","embeddable":true,"href":"https:\/\/lineadeportiva.mx\/ld2026\/wp-json\/wp\/v2\/tags?post=1856"}],"curies":[{"name":"wp","href":"https:\/\/api.w.org\/{rel}","templated":true}]}}