{"id":1862,"date":"2026-04-28T19:53:21","date_gmt":"2026-04-29T02:53:21","guid":{"rendered":"https:\/\/lineadeportiva.mx\/ld2026\/?p=1862"},"modified":"2026-04-28T19:53:21","modified_gmt":"2026-04-29T02:53:21","slug":"rafa-marquez-pide-mas-idolos-para-mexico-rumbo-al-mundial-2026","status":"publish","type":"post","link":"https:\/\/lineadeportiva.mx\/ld2026\/2026\/04\/28\/rafa-marquez-pide-mas-idolos-para-mexico-rumbo-al-mundial-2026\/","title":{"rendered":"Rafa M\u00e1rquez pide m\u00e1s \u00eddolos para M\u00e9xico rumbo al Mundial 2026"},"content":{"rendered":"\n<p>Rafael M\u00e1rquez levant\u00f3 la voz rumbo al Mundial 2026 y dej\u00f3 un mensaje que va m\u00e1s all\u00e1 del futbol. El auxiliar t\u00e9cnico de la selecci\u00f3n mexicana asegur\u00f3 que el pa\u00eds necesita potenciar su talento para generar nuevas figuras, nuevos referentes y m\u00e1s ejemplos que inspiren a las siguientes generaciones dentro y fuera del deporte.<\/p>\n\n\n\n<p>A poco tiempo de que M\u00e9xico vuelva a ser sede de una Copa del Mundo, junto a Estados Unidos y Canad\u00e1, el hist\u00f3rico exdefensor consider\u00f3 que el pa\u00eds tiene materia prima de sobra, pero que hace falta transformar ese potencial en m\u00e1s nombres capaces de marcar \u00e9poca.<\/p>\n\n\n\n<p>\u201cComo dije, creo que he intentado dejar un legado y contin\u00fao esforz\u00e1ndome para dar lo mejor de m\u00ed, intentar ser ejemplo para los dem\u00e1s, para la juventud, donde creo que en M\u00e9xico hay demasiado talento. Somos tantos que necesitamos ser muchos m\u00e1s, tener m\u00e1s Hugo S\u00e1nchez, m\u00e1s Chicharito, m\u00e1s Armando \u2018La Hormiga\u2019 Gonz\u00e1lez, no s\u00e9, tener m\u00e1s \u00eddolos\u201d, expres\u00f3 M\u00e1rquez.<\/p>\n\n\n\n<p>El exjugador del Barcelona dej\u00f3 claro que su visi\u00f3n no se limita al futbol. Para \u00e9l, M\u00e9xico necesita m\u00e1s referentes en todos los \u00e1mbitos, figuras que demuestren que el talento nacional puede trascender fronteras y convertirse en inspiraci\u00f3n para millones.<\/p>\n\n\n\n<p>\u201cY no solamente hablo en el f\u00fatbol, porque tambi\u00e9n tener m\u00e1s Diego Luna, m\u00e1s Gael Garc\u00eda, m\u00e1s Alejandro Fern\u00e1ndez, gente que realmente tiene mucho talento. Queremos que nuestro ejemplo impulse a esta juventud o a quien sea a conseguir cosas importantes, a alcanzar sus metas, sea lo que sea. Creo que es intentar dejar ese legado con mi nombre\u201d, se\u00f1al\u00f3.<\/p>\n\n\n\n<p>Las palabras de Rafa llegan en un momento clave para el pa\u00eds. Con el Mundial 2026 cada vez m\u00e1s cerca, la selecci\u00f3n mexicana no solo trabaja en lo deportivo, tambi\u00e9n carga con la responsabilidad de representar a una naci\u00f3n que volver\u00e1 a estar bajo los reflectores del futbol mundial. En ese contexto, M\u00e1rquez entiende que el reto tambi\u00e9n pasa por el impacto social y cultural que puede dejar esta generaci\u00f3n.<\/p>\n\n\n\n<p>Adem\u00e1s, el exseleccionado habl\u00f3 de un tema que considera fundamental para el crecimiento de M\u00e9xico: la mentalidad. M\u00e1rquez advirti\u00f3 que el pa\u00eds vive inmerso en una din\u00e1mica donde se exige todo de inmediato, lo que muchas veces impide valorar los procesos y construir con paciencia.<\/p>\n\n\n\n<p>\u201c\u00bfC\u00f3mo nos podemos preparar? Creo que es intentar dar lo mejor de cada uno de nosotros siempre. Hoy en d\u00eda tenemos la oportunidad de vivir de nuevo un Mundial, pero tambi\u00e9n vivimos en una sociedad en la que estamos muy pendientes de lo r\u00e1pido, de lo inmediato. Si las cosas no pasan de inmediato, nos desesperamos. Hemos pedido paciencia y creo que tenemos que volver un poco a nuestras bases, intentar ser m\u00e1s pacientes, trabajar y disfrutar de los procesos\u201d, afirm\u00f3.<\/p>\n\n\n\n<p>Para M\u00e1rquez, esa reflexi\u00f3n no solo aplica al futbolista, sino a cualquier persona en su vida diaria. El llamado del exdefensor va dirigido a construir una mejor versi\u00f3n individual para aspirar tambi\u00e9n a una mejor sociedad.<\/p>\n\n\n\n<p>\u201cEso tambi\u00e9n implica invitarlos a que sean su mejor versi\u00f3n hoy. No pensar en el pasado ni en lo que viene, sino ser hoy el mejor e intentar dar su m\u00e1ximo esfuerzo, ya sea en el trabajo, como hermano, como esposo, como hijo o como amigo. Llevar esto m\u00e1s all\u00e1 de lo deportivo, porque vivimos en una sociedad en la que estamos a expensas de conseguir todo de inmediato y, si cada uno da lo mejor de s\u00ed, podemos tener una mejor sociedad\u201d, agreg\u00f3.<\/p>\n\n\n\n<p>As\u00ed, Rafael M\u00e1rquez puso sobre la mesa una idea poderosa: el Mundial 2026 no solo debe servir para competir, tambi\u00e9n para inspirar. M\u00e9xico tiene talento, historia y pasi\u00f3n, pero necesita convertir todo eso en m\u00e1s \u00eddolos, m\u00e1s referentes y m\u00e1s generaciones capaces de creer que tambi\u00e9n pueden llegar lejos.<\/p>\n","protected":false},"excerpt":{"rendered":"<p>Rafael M\u00e1rquez levant\u00f3 la voz rumbo al Mundial 2026 y dej\u00f3 un mensaje que va m\u00e1s all\u00e1 del futbol. El auxiliar t\u00e9cnico de la selecci\u00f3n mexicana asegur\u00f3 que el pa\u00eds necesita potenciar su talento para generar nuevas figuras, nuevos referentes y m\u00e1s ejemplos que inspiren a las siguientes generaciones dentro y fuera del deporte. A [&hellip;]<\/p>\n","protected":false},"author":1,"featured_media":1863,"comment_status":"open","ping_status":"closed","sticky":false,"template":"","format":"standard","meta":{"footnotes":""},"categories":[109],"tags":[291,127,361],"class_list":["post-1862","post","type-post","status-publish","format-standard","has-post-thumbnail","hentry","category-nacional","tag-el-tri","tag-principal","tag-seleccion-nacional"],"_links":{"self":[{"href":"https:\/\/lineadeportiva.mx\/ld2026\/wp-json\/wp\/v2\/posts\/1862","targetHints":{"allow":["GET"]}}],"collection":[{"href":"https:\/\/lineadeportiva.mx\/ld2026\/wp-json\/wp\/v2\/posts"}],"about":[{"href":"https:\/\/lineadeportiva.mx\/ld2026\/wp-json\/wp\/v2\/types\/post"}],"author":[{"embeddable":true,"href":"https:\/\/lineadeportiva.mx\/ld2026\/wp-json\/wp\/v2\/users\/1"}],"replies":[{"embeddable":true,"href":"https:\/\/lineadeportiva.mx\/ld2026\/wp-json\/wp\/v2\/comments?post=1862"}],"version-history":[{"count":1,"href":"https:\/\/lineadeportiva.mx\/ld2026\/wp-json\/wp\/v2\/posts\/1862\/revisions"}],"predecessor-version":[{"id":1864,"href":"https:\/\/lineadeportiva.mx\/ld2026\/wp-json\/wp\/v2\/posts\/1862\/revisions\/1864"}],"wp:featuredmedia":[{"embeddable":true,"href":"https:\/\/lineadeportiva.mx\/ld2026\/wp-json\/wp\/v2\/media\/1863"}],"wp:attachment":[{"href":"https:\/\/lineadeportiva.mx\/ld2026\/wp-json\/wp\/v2\/media?parent=1862"}],"wp:term":[{"taxonomy":"category","embeddable":true,"href":"https:\/\/lineadeportiva.mx\/ld2026\/wp-json\/wp\/v2\/categories?post=1862"},{"taxonomy":"post_tag","embeddable":true,"href":"https:\/\/lineadeportiva.mx\/ld2026\/wp-json\/wp\/v2\/tags?post=1862"}],"curies":[{"name":"wp","href":"https:\/\/api.w.org\/{rel}","templated":true}]}}