{"id":1868,"date":"2026-04-28T20:01:06","date_gmt":"2026-04-29T03:01:06","guid":{"rendered":"https:\/\/lineadeportiva.mx\/ld2026\/?p=1868"},"modified":"2026-04-28T20:01:22","modified_gmt":"2026-04-29T03:01:22","slug":"canelo-abre-la-puerta-a-pelear-hasta-los-40","status":"publish","type":"post","link":"https:\/\/lineadeportiva.mx\/ld2026\/2026\/04\/28\/canelo-abre-la-puerta-a-pelear-hasta-los-40\/","title":{"rendered":"Canelo abre la puerta a pelear hasta los 40"},"content":{"rendered":"\n<p>Sa\u00fal \u201cCanelo\u201d \u00c1lvarez volvi\u00f3 a mover el tablero del boxeo internacional. El campe\u00f3n mexicano reconoci\u00f3 que en alg\u00fan momento pens\u00f3 en retirarse a los 37 a\u00f1os, pero ese plan ya no parece tan firme. La raz\u00f3n tiene nombre y peso propio: <strong>Turki Alalshikh<\/strong>, el hombre fuerte detr\u00e1s de varios de los eventos m\u00e1s grandes del boxeo actual, con quien el tapat\u00edo mantiene una alianza que podr\u00eda extender su carrera mucho m\u00e1s de lo que \u00e9l mismo hab\u00eda imaginado. &nbsp;<\/p>\n\n\n\n<p>El contexto no es menor. Canelo ya tiene marcado su regreso al ring para el <strong>12 de septiembre de 2026 en Riad, Arabia Saudita<\/strong>, en la cartelera <strong>\u201cMexico Against the World\u201d<\/strong>, el primer gran evento de <strong>Canelo Promotions<\/strong> bajo ese nuevo impulso internacional. El rival todav\u00eda no ha sido anunciado oficialmente, pero la fecha ya est\u00e1 instalada como uno de los grandes focos del calendario box\u00edstico. &nbsp;<\/p>\n\n\n\n<p>En ese escenario, el mexicano dej\u00f3 ver que su permanencia en el boxeo podr\u00eda alargarse m\u00e1s de lo previsto. En el podcast de Oso Trava, Canelo cont\u00f3 que su idea inicial era retirarse a los 37, pero que hoy ese horizonte cambi\u00f3 por completo ante la magnitud de los intereses que siguen girando alrededor de su carrera. Reuters tambi\u00e9n ha reportado que el tapat\u00edo firm\u00f3 un <strong>acuerdo de cuatro peleas con Riyadh Season<\/strong>, lo que ya de por s\u00ed empuja su calendario hacia los pr\u00f3ximos a\u00f1os. &nbsp;<\/p>\n\n\n\n<p>La posibilidad de pelear hasta los 40 no aparece por nostalgia ni por necesidad deportiva inmediata, sino porque Canelo todav\u00eda se siente f\u00edsicamente competitivo y porque sigue siendo, comercialmente, una figura central del boxeo mundial. Esa combinaci\u00f3n mantiene abierta una etapa que parec\u00eda m\u00e1s cerca del cierre tras su derrota ante <strong>Terence Crawford<\/strong> en septiembre de 2025. Aquel combate, adem\u00e1s de quitarle la condici\u00f3n de campe\u00f3n indiscutido de los supermedianos, deriv\u00f3 en una <strong>cirug\u00eda artrosc\u00f3pica en el codo izquierdo<\/strong> que lo dej\u00f3 fuera de acci\u00f3n durante varios meses. &nbsp;<\/p>\n\n\n\n<p>Pese a ese golpe, el regreso ya est\u00e1 en marcha. Y no solo eso: tambi\u00e9n existe la sensaci\u00f3n de que septiembre puede ser el inicio de un nuevo tramo en la carrera del tapat\u00edo. De momento, el nombre del rival sigue en el aire. Distintos reportes alrededor del equipo han colocado como opciones atractivas a <strong>Christian Mbilli<\/strong> o incluso una eventual <strong>revancha ante Crawford<\/strong>, aunque esta \u00faltima depender\u00eda del escenario competitivo y de las decisiones del estadounidense, quien Reuters report\u00f3 retirado desde diciembre de 2025. &nbsp;<\/p>\n\n\n\n<p>M\u00e1s all\u00e1 del ring, Canelo tambi\u00e9n dej\u00f3 una postura muy clara sobre su futuro despu\u00e9s del boxeo. Aunque existe la estructura de <strong>Canelo Promotions<\/strong>, el mexicano admiti\u00f3 que no quiere mantenerse atado al negocio pugil\u00edstico cuando llegue el momento de colgar los guantes. Su lectura es dura: considera que el boxeo est\u00e1 demasiado contaminado por intereses, disputas entre promotores y maniobras que no le atraen ni le hacen falta. Esa distancia emocional con la industria tambi\u00e9n explica por qu\u00e9, si sigue peleando, ser\u00e1 para aprovechar al m\u00e1ximo esta \u00faltima etapa como protagonista y no para instalarse despu\u00e9s en las sombras del negocio.<\/p>\n\n\n\n<p>As\u00ed est\u00e1 hoy el panorama de Canelo: con una fecha de regreso ya confirmada, con Arabia Saudita como gran plataforma, con su retiro cada vez menos definido y con la sensaci\u00f3n de que todav\u00eda no ha dicho la \u00faltima palabra. El reloj sigue corriendo, s\u00ed, pero el propio campe\u00f3n ya dej\u00f3 claro que su final podr\u00eda tardar m\u00e1s de lo esperado.<\/p>\n","protected":false},"excerpt":{"rendered":"<p>Sa\u00fal \u201cCanelo\u201d \u00c1lvarez volvi\u00f3 a mover el tablero del boxeo internacional. El campe\u00f3n mexicano reconoci\u00f3 que en alg\u00fan momento pens\u00f3 en retirarse a los 37 a\u00f1os, pero ese plan ya no parece tan firme. La raz\u00f3n tiene nombre y peso propio: Turki Alalshikh, el hombre fuerte detr\u00e1s de varios de los eventos m\u00e1s grandes del [&hellip;]<\/p>\n","protected":false},"author":1,"featured_media":1869,"comment_status":"open","ping_status":"closed","sticky":false,"template":"","format":"standard","meta":{"footnotes":""},"categories":[109],"tags":[161,322],"class_list":["post-1868","post","type-post","status-publish","format-standard","has-post-thumbnail","hentry","category-nacional","tag-box","tag-canelo"],"_links":{"self":[{"href":"https:\/\/lineadeportiva.mx\/ld2026\/wp-json\/wp\/v2\/posts\/1868","targetHints":{"allow":["GET"]}}],"collection":[{"href":"https:\/\/lineadeportiva.mx\/ld2026\/wp-json\/wp\/v2\/posts"}],"about":[{"href":"https:\/\/lineadeportiva.mx\/ld2026\/wp-json\/wp\/v2\/types\/post"}],"author":[{"embeddable":true,"href":"https:\/\/lineadeportiva.mx\/ld2026\/wp-json\/wp\/v2\/users\/1"}],"replies":[{"embeddable":true,"href":"https:\/\/lineadeportiva.mx\/ld2026\/wp-json\/wp\/v2\/comments?post=1868"}],"version-history":[{"count":1,"href":"https:\/\/lineadeportiva.mx\/ld2026\/wp-json\/wp\/v2\/posts\/1868\/revisions"}],"predecessor-version":[{"id":1870,"href":"https:\/\/lineadeportiva.mx\/ld2026\/wp-json\/wp\/v2\/posts\/1868\/revisions\/1870"}],"wp:featuredmedia":[{"embeddable":true,"href":"https:\/\/lineadeportiva.mx\/ld2026\/wp-json\/wp\/v2\/media\/1869"}],"wp:attachment":[{"href":"https:\/\/lineadeportiva.mx\/ld2026\/wp-json\/wp\/v2\/media?parent=1868"}],"wp:term":[{"taxonomy":"category","embeddable":true,"href":"https:\/\/lineadeportiva.mx\/ld2026\/wp-json\/wp\/v2\/categories?post=1868"},{"taxonomy":"post_tag","embeddable":true,"href":"https:\/\/lineadeportiva.mx\/ld2026\/wp-json\/wp\/v2\/tags?post=1868"}],"curies":[{"name":"wp","href":"https:\/\/api.w.org\/{rel}","templated":true}]}}