{"id":1871,"date":"2026-04-28T20:04:54","date_gmt":"2026-04-29T03:04:54","guid":{"rendered":"https:\/\/lineadeportiva.mx\/ld2026\/?p=1871"},"modified":"2026-04-28T20:04:54","modified_gmt":"2026-04-29T03:04:54","slug":"kompany-explota-por-el-penalti-a-favor-del-psg-y-deja-viva-la-batalla-rumbo-a-munich","status":"publish","type":"post","link":"https:\/\/lineadeportiva.mx\/ld2026\/2026\/04\/28\/kompany-explota-por-el-penalti-a-favor-del-psg-y-deja-viva-la-batalla-rumbo-a-munich\/","title":{"rendered":"Kompany explota por el penalti a favor del PSG y deja viva la batalla rumbo a M\u00fanich"},"content":{"rendered":"\n<p>La ida de las semifinales de la Champions League entre <strong>Paris Saint-Germain y Bayern Munich<\/strong> dej\u00f3 una noche inolvidable en el Parque de los Pr\u00edncipes. El <strong>5-4<\/strong> a favor del conjunto parisino no solo entreg\u00f3 una lluvia de goles hist\u00f3rica, tambi\u00e9n abri\u00f3 una fuerte discusi\u00f3n arbitral por el penalti se\u00f1alado a favor del equipo de Luis Enrique, una jugada que Vincent Kompany calific\u00f3 como \u201cmuy debatible\u201d tras el partido. &nbsp;<\/p>\n\n\n\n<p>El t\u00e9cnico del Bayern vivi\u00f3 el encuentro desde la grada por suspensi\u00f3n, una circunstancia que, seg\u00fan \u00e9l mismo reconoci\u00f3, hizo todav\u00eda m\u00e1s extra\u00f1a una de las noches m\u00e1s intensas de la temporada europea. Kompany explic\u00f3 despu\u00e9s del partido que no era el lugar desde el que le hubiera gustado seguir una semifinal de este tama\u00f1o, y revel\u00f3 incluso que habl\u00f3 del tema con Luis Enrique al final del encuentro. &nbsp;<\/p>\n\n\n\n<p>La jugada que m\u00e1s encendi\u00f3 el debate lleg\u00f3 antes del descanso, cuando un centro de <strong>Ousmane Demb\u00e9l\u00e9<\/strong> impact\u00f3 primero en el cuerpo de <strong>Alphonso Davies<\/strong> y luego en su brazo. Tras revisi\u00f3n, el \u00e1rbitro mantuvo la sanci\u00f3n de penalti y Demb\u00e9l\u00e9 convirti\u00f3 para darle al PSG el <strong>3-2<\/strong> antes del entretiempo. La acci\u00f3n dividi\u00f3 opiniones de inmediato y fue uno de los puntos m\u00e1s comentados de la noche. &nbsp;<\/p>\n\n\n\n<p>Kompany fue claro al fijar su postura. Para el entrenador alem\u00e1n, la acci\u00f3n no era tan n\u00edtida como para terminar marcando una diferencia tan importante en el desarrollo del partido. Su molestia nace precisamente de que el bal\u00f3n golpea primero en el cuerpo de Davies antes de tocar el brazo, un detalle que aliment\u00f3 la sensaci\u00f3n de injusticia en el entorno del Bayern. &nbsp;<\/p>\n\n\n\n<p>M\u00e1s all\u00e1 del arbitraje, el t\u00e9cnico destac\u00f3 la reacci\u00f3n de su equipo. Bayern lleg\u00f3 a estar muy comprometido en el marcador, pero logr\u00f3 mantenerse de pie y salir de Par\u00eds con la eliminatoria todav\u00eda abierta. Reuters resumi\u00f3 el encuentro como un cl\u00e1sico fren\u00e9tico en el que PSG tom\u00f3 ventaja, pero Bayern respondi\u00f3 lo suficiente para dejar la serie completamente viva de cara a la vuelta. &nbsp;<\/p>\n\n\n\n<p>El partido, adem\u00e1s, ya qued\u00f3 registrado como la <strong>semifinal de ida m\u00e1s goleadora en la historia de la Copa de Europa<\/strong>, una prueba del car\u00e1cter salvaje con el que ambos equipos asumieron el riesgo ofensivo durante casi todo el encuentro. PSG aprovech\u00f3 mejor sus momentos, pero Bayern mostr\u00f3 capacidad para resistir y seguir peleando incluso cuando parec\u00eda desbordado. &nbsp;<\/p>\n\n\n\n<p>Ahora todo se trasladar\u00e1 al <strong>Allianz Arena<\/strong>, donde Bayern intentar\u00e1 remontar con el impulso de su gente y con la convicci\u00f3n de que la historia sigue abierta. Kompany ya anticip\u00f3 que el ambiente en M\u00fanich ser\u00e1 una locura y dej\u00f3 claro que no espera un partido distinto en cuanto a la ambici\u00f3n ofensiva de ambos equipos. Despu\u00e9s de una ida as\u00ed, la vuelta promete ser otro cap\u00edtulo descomunal. &nbsp;<\/p>\n","protected":false},"excerpt":{"rendered":"<p>La ida de las semifinales de la Champions League entre Paris Saint-Germain y Bayern Munich dej\u00f3 una noche inolvidable en el Parque de los Pr\u00edncipes. El 5-4 a favor del conjunto parisino no solo entreg\u00f3 una lluvia de goles hist\u00f3rica, tambi\u00e9n abri\u00f3 una fuerte discusi\u00f3n arbitral por el penalti se\u00f1alado a favor del equipo de [&hellip;]<\/p>\n","protected":false},"author":1,"featured_media":1872,"comment_status":"open","ping_status":"closed","sticky":false,"template":"","format":"standard","meta":{"footnotes":""},"categories":[110],"tags":[24],"class_list":["post-1871","post","type-post","status-publish","format-standard","has-post-thumbnail","hentry","category-internacional","tag-champions-league"],"_links":{"self":[{"href":"https:\/\/lineadeportiva.mx\/ld2026\/wp-json\/wp\/v2\/posts\/1871","targetHints":{"allow":["GET"]}}],"collection":[{"href":"https:\/\/lineadeportiva.mx\/ld2026\/wp-json\/wp\/v2\/posts"}],"about":[{"href":"https:\/\/lineadeportiva.mx\/ld2026\/wp-json\/wp\/v2\/types\/post"}],"author":[{"embeddable":true,"href":"https:\/\/lineadeportiva.mx\/ld2026\/wp-json\/wp\/v2\/users\/1"}],"replies":[{"embeddable":true,"href":"https:\/\/lineadeportiva.mx\/ld2026\/wp-json\/wp\/v2\/comments?post=1871"}],"version-history":[{"count":1,"href":"https:\/\/lineadeportiva.mx\/ld2026\/wp-json\/wp\/v2\/posts\/1871\/revisions"}],"predecessor-version":[{"id":1873,"href":"https:\/\/lineadeportiva.mx\/ld2026\/wp-json\/wp\/v2\/posts\/1871\/revisions\/1873"}],"wp:featuredmedia":[{"embeddable":true,"href":"https:\/\/lineadeportiva.mx\/ld2026\/wp-json\/wp\/v2\/media\/1872"}],"wp:attachment":[{"href":"https:\/\/lineadeportiva.mx\/ld2026\/wp-json\/wp\/v2\/media?parent=1871"}],"wp:term":[{"taxonomy":"category","embeddable":true,"href":"https:\/\/lineadeportiva.mx\/ld2026\/wp-json\/wp\/v2\/categories?post=1871"},{"taxonomy":"post_tag","embeddable":true,"href":"https:\/\/lineadeportiva.mx\/ld2026\/wp-json\/wp\/v2\/tags?post=1871"}],"curies":[{"name":"wp","href":"https:\/\/api.w.org\/{rel}","templated":true}]}}